{"id":5846,"date":"2022-06-09T20:31:39","date_gmt":"2022-06-09T18:31:39","guid":{"rendered":"https:\/\/agora.xtec.cat\/zer-pedrera\/?p=5846"},"modified":"2022-06-09T20:31:39","modified_gmt":"2022-06-09T18:31:39","slug":"escola-abat-ruera-les-nostres-practicants-la-marta-i-la-mireia","status":"publish","type":"post","link":"https:\/\/agora.xtec.cat\/zer-pedrera\/general\/escola-abat-ruera-les-nostres-practicants-la-marta-i-la-mireia\/","title":{"rendered":"Escola Abat Ruera. Les nostres practicants, la Marta i la Mireia"},"content":{"rendered":"<p>Durant uns mesos l&#8217;escola Abat Ruera ha tingut el gran plaer de comptar amb la pres\u00e8ncia de la Marta i la Mireia, estudiants de magisteri. Un dels requisits dins de la carrera \u00e9s la formaci\u00f3 dels estudiants dins de les aules. La ZER i el seu equip docent considera molt important obrir les nostres escoles per orientar, ajudar i formar a futurs docents.<br \/>\nHa estat un plaer comptar amb la Marta i la Mireia. S&#8217;han adaptat molt b\u00e9 a l&#8217;escola i els alumnes se les han estimat molt. Molt bona sort en aquesta bonica feina!!!<\/p>\n<p style=\"text-align: center;\"><a href=\"https:\/\/photos.app.goo.gl\/B5Dh7V5fRTXe6oQt8\" target=\"_blank\" rel=\"noopener\"><img loading=\"lazy\" decoding=\"async\" class=\"alignnone size-medium wp-image-5847\" src=\"https:\/\/agora.xtec.cat\/zer-pedrera\/wp-content\/uploads\/usu1473\/2022\/06\/1654798168263-1-300x135.jpg\" alt=\"\" width=\"300\" height=\"135\" srcset=\"https:\/\/agora.xtec.cat\/zer-pedrera\/wp-content\/uploads\/usu1473\/2022\/06\/1654798168263-1-300x135.jpg 300w, https:\/\/agora.xtec.cat\/zer-pedrera\/wp-content\/uploads\/usu1473\/2022\/06\/1654798168263-1.jpg 763w\" sizes=\"auto, (max-width: 300px) 100vw, 300px\" \/><\/a><\/p>\n<p>&nbsp;<\/p>\n<p>&nbsp;<\/p>\n","protected":false},"excerpt":{"rendered":"<p>Durant uns mesos l&#8217;escola Abat Ruera ha tingut el gran plaer de comptar amb la pres\u00e8ncia de la Marta i la Mireia, estudiants de magisteri. Un dels requisits dins de la carrera \u00e9s la formaci\u00f3 dels estudiants dins de les aules. La ZER i el&hellip;  <a href=\"https:\/\/agora.xtec.cat\/zer-pedrera\/general\/escola-abat-ruera-les-nostres-practicants-la-marta-i-la-mireia\/\" title=\"Read Escola Abat Ruera. Les nostres practicants, la Marta i la Mireia\">Llegeix m\u00e9s\u00bb<\/a><\/p>\n","protected":false},"author":1,"featured_media":5847,"comment_status":"open","ping_status":"closed","sticky":false,"template":"","format":"standard","meta":{"_bbp_topic_count":0,"_bbp_reply_count":0,"_bbp_total_topic_count":0,"_bbp_total_reply_count":0,"_bbp_voice_count":0,"_bbp_anonymous_reply_count":0,"_bbp_topic_count_hidden":0,"_bbp_reply_count_hidden":0,"_bbp_forum_subforum_count":0,"footnotes":""},"categories":[110,1,29,89],"tags":[],"class_list":["post-5846","post","type-post","status-publish","format-standard","has-post-thumbnail","hentry","category-escola-abat-ruera","category-general","category-portada","category-primaria"],"post_mailing_queue_ids":[],"_links":{"self":[{"href":"https:\/\/agora.xtec.cat\/zer-pedrera\/wp-json\/wp\/v2\/posts\/5846","targetHints":{"allow":["GET"]}}],"collection":[{"href":"https:\/\/agora.xtec.cat\/zer-pedrera\/wp-json\/wp\/v2\/posts"}],"about":[{"href":"https:\/\/agora.xtec.cat\/zer-pedrera\/wp-json\/wp\/v2\/types\/post"}],"author":[{"embeddable":true,"href":"https:\/\/agora.xtec.cat\/zer-pedrera\/wp-json\/wp\/v2\/users\/1"}],"replies":[{"embeddable":true,"href":"https:\/\/agora.xtec.cat\/zer-pedrera\/wp-json\/wp\/v2\/comments?post=5846"}],"version-history":[{"count":1,"href":"https:\/\/agora.xtec.cat\/zer-pedrera\/wp-json\/wp\/v2\/posts\/5846\/revisions"}],"predecessor-version":[{"id":5848,"href":"https:\/\/agora.xtec.cat\/zer-pedrera\/wp-json\/wp\/v2\/posts\/5846\/revisions\/5848"}],"wp:featuredmedia":[{"embeddable":true,"href":"https:\/\/agora.xtec.cat\/zer-pedrera\/wp-json\/wp\/v2\/media\/5847"}],"wp:attachment":[{"href":"https:\/\/agora.xtec.cat\/zer-pedrera\/wp-json\/wp\/v2\/media?parent=5846"}],"wp:term":[{"taxonomy":"category","embeddable":true,"href":"https:\/\/agora.xtec.cat\/zer-pedrera\/wp-json\/wp\/v2\/categories?post=5846"},{"taxonomy":"post_tag","embeddable":true,"href":"https:\/\/agora.xtec.cat\/zer-pedrera\/wp-json\/wp\/v2\/tags?post=5846"}],"curies":[{"name":"wp","href":"https:\/\/api.w.org\/{rel}","templated":true}]}}