{"id":5841,"date":"2022-06-02T16:25:02","date_gmt":"2022-06-02T14:25:02","guid":{"rendered":"https:\/\/agora.xtec.cat\/zer-pedrera\/?p=5841"},"modified":"2022-06-02T16:25:02","modified_gmt":"2022-06-02T14:25:02","slug":"disseccio-dels-pulmons-i-el-cor-cms-porcel-de-cervera","status":"publish","type":"post","link":"https:\/\/agora.xtec.cat\/zer-pedrera\/general\/disseccio-dels-pulmons-i-el-cor-cms-porcel-de-cervera\/","title":{"rendered":"DISSECCI\u00d3 DELS PULMONS I EL COR CMS &#8211; PORCEL DE CERVERA"},"content":{"rendered":"<p>Els alumnes de CMS estem treballant l\u2019aparell respiratori i circulatori. El passat divendres vam portar els pulmons i el cor d\u2019un xai per poder observar els teixits i les parts en qu\u00e8 estan dividits aquests \u00f2rgans. Vam veure la tr\u00e0quea, els bronquis, els bronqu\u00edols i els l\u00f2buls.<\/p>\n<p>Vam parlar de la import\u00e0ncia de respirar aire net i sense pols. I vam recalcar la import\u00e0ncia de no fumar quan siguem grans per tal de tenir una bona salut.<\/p>\n<p>Podeu veure les imatges clicant la imatge seg\u00fcent:<\/p>\n<p><a href=\"https:\/\/photos.app.goo.gl\/xHsVFzeksw5v4Skr6\"><img loading=\"lazy\" decoding=\"async\" class=\"size-full wp-image-5842 aligncenter\" src=\"https:\/\/agora.xtec.cat\/zer-pedrera\/wp-content\/uploads\/usu1473\/2022\/06\/images-1.jpg\" alt=\"\" width=\"154\" height=\"140\" \/><\/a><\/p>\n","protected":false},"excerpt":{"rendered":"<p>Els alumnes de CMS estem treballant l\u2019aparell respiratori i circulatori. El passat divendres vam portar els pulmons i el cor d\u2019un xai per poder observar els teixits i les parts en qu\u00e8 estan dividits aquests \u00f2rgans. Vam veure la tr\u00e0quea, els bronquis, els bronqu\u00edols i&hellip;  <a href=\"https:\/\/agora.xtec.cat\/zer-pedrera\/general\/disseccio-dels-pulmons-i-el-cor-cms-porcel-de-cervera\/\" title=\"Read DISSECCI\u00d3 DELS PULMONS I EL COR CMS &#8211; PORCEL DE CERVERA\">Llegeix m\u00e9s\u00bb<\/a><\/p>\n","protected":false},"author":1,"featured_media":5843,"comment_status":"open","ping_status":"closed","sticky":false,"template":"","format":"standard","meta":{"_bbp_topic_count":0,"_bbp_reply_count":0,"_bbp_total_topic_count":0,"_bbp_total_reply_count":0,"_bbp_voice_count":0,"_bbp_anonymous_reply_count":0,"_bbp_topic_count_hidden":0,"_bbp_reply_count_hidden":0,"_bbp_forum_subforum_count":0,"footnotes":""},"categories":[111,1,116,29,89],"tags":[],"class_list":["post-5841","post","type-post","status-publish","format-standard","has-post-thumbnail","hentry","category-escola-porcel-de-cervera","category-general","category-medi","category-portada","category-primaria"],"post_mailing_queue_ids":[],"_links":{"self":[{"href":"https:\/\/agora.xtec.cat\/zer-pedrera\/wp-json\/wp\/v2\/posts\/5841","targetHints":{"allow":["GET"]}}],"collection":[{"href":"https:\/\/agora.xtec.cat\/zer-pedrera\/wp-json\/wp\/v2\/posts"}],"about":[{"href":"https:\/\/agora.xtec.cat\/zer-pedrera\/wp-json\/wp\/v2\/types\/post"}],"author":[{"embeddable":true,"href":"https:\/\/agora.xtec.cat\/zer-pedrera\/wp-json\/wp\/v2\/users\/1"}],"replies":[{"embeddable":true,"href":"https:\/\/agora.xtec.cat\/zer-pedrera\/wp-json\/wp\/v2\/comments?post=5841"}],"version-history":[{"count":1,"href":"https:\/\/agora.xtec.cat\/zer-pedrera\/wp-json\/wp\/v2\/posts\/5841\/revisions"}],"predecessor-version":[{"id":5844,"href":"https:\/\/agora.xtec.cat\/zer-pedrera\/wp-json\/wp\/v2\/posts\/5841\/revisions\/5844"}],"wp:featuredmedia":[{"embeddable":true,"href":"https:\/\/agora.xtec.cat\/zer-pedrera\/wp-json\/wp\/v2\/media\/5843"}],"wp:attachment":[{"href":"https:\/\/agora.xtec.cat\/zer-pedrera\/wp-json\/wp\/v2\/media?parent=5841"}],"wp:term":[{"taxonomy":"category","embeddable":true,"href":"https:\/\/agora.xtec.cat\/zer-pedrera\/wp-json\/wp\/v2\/categories?post=5841"},{"taxonomy":"post_tag","embeddable":true,"href":"https:\/\/agora.xtec.cat\/zer-pedrera\/wp-json\/wp\/v2\/tags?post=5841"}],"curies":[{"name":"wp","href":"https:\/\/api.w.org\/{rel}","templated":true}]}}