{"id":5836,"date":"2022-06-02T16:20:25","date_gmt":"2022-06-02T14:20:25","guid":{"rendered":"https:\/\/agora.xtec.cat\/zer-pedrera\/?p=5836"},"modified":"2022-06-02T16:20:25","modified_gmt":"2022-06-02T14:20:25","slug":"gimcana-matematica-a-lescola-porcel-de-cervera-cms","status":"publish","type":"post","link":"https:\/\/agora.xtec.cat\/zer-pedrera\/general\/gimcana-matematica-a-lescola-porcel-de-cervera-cms\/","title":{"rendered":"Gimcana Matem\u00e0tica a l&#8217;Escola Porcel de Cervera CMS."},"content":{"rendered":"<p>Avui a l&#8217;escola els alumnes de cicle mitj\u00e0 i superior s&#8217;han trobat una gimcana matem\u00e0tica quan han tornat a la tarda a l&#8217;aula. Aquesta gimcana tan divertida i alhora educativa ens ha perm\u00e8s concloure la nostra investigaci\u00f3 de la Maria Ant\u00f2nia Canals.<\/p>\n<p>Podeu veure les fotos clicant a la fotografia.<\/p>\n<p><a href=\"https:\/\/photos.app.goo.gl\/o95VSFmxgUcugLdG9\"><img loading=\"lazy\" decoding=\"async\" class=\" wp-image-5837 aligncenter\" src=\"https:\/\/agora.xtec.cat\/zer-pedrera\/wp-content\/uploads\/usu1473\/2022\/06\/images.png\" alt=\"\" width=\"170\" height=\"170\" \/><\/a><\/p>\n","protected":false},"excerpt":{"rendered":"<p>Avui a l&#8217;escola els alumnes de cicle mitj\u00e0 i superior s&#8217;han trobat una gimcana matem\u00e0tica quan han tornat a la tarda a l&#8217;aula. Aquesta gimcana tan divertida i alhora educativa ens ha perm\u00e8s concloure la nostra investigaci\u00f3 de la Maria Ant\u00f2nia Canals.<br \/>\nPodeu veure les fotos&hellip;  <a href=\"https:\/\/agora.xtec.cat\/zer-pedrera\/general\/gimcana-matematica-a-lescola-porcel-de-cervera-cms\/\" title=\"Read Gimcana Matem\u00e0tica a l&#8217;Escola Porcel de Cervera CMS.\">Llegeix m\u00e9s\u00bb<\/a><\/p>\n","protected":false},"author":1,"featured_media":5839,"comment_status":"open","ping_status":"closed","sticky":false,"template":"","format":"standard","meta":{"_bbp_topic_count":0,"_bbp_reply_count":0,"_bbp_total_topic_count":0,"_bbp_total_reply_count":0,"_bbp_voice_count":0,"_bbp_anonymous_reply_count":0,"_bbp_topic_count_hidden":0,"_bbp_reply_count_hidden":0,"_bbp_forum_subforum_count":0,"footnotes":""},"categories":[111,1,126,29,89],"tags":[],"class_list":["post-5836","post","type-post","status-publish","format-standard","has-post-thumbnail","hentry","category-escola-porcel-de-cervera","category-general","category-matematiques","category-portada","category-primaria"],"post_mailing_queue_ids":[],"_links":{"self":[{"href":"https:\/\/agora.xtec.cat\/zer-pedrera\/wp-json\/wp\/v2\/posts\/5836","targetHints":{"allow":["GET"]}}],"collection":[{"href":"https:\/\/agora.xtec.cat\/zer-pedrera\/wp-json\/wp\/v2\/posts"}],"about":[{"href":"https:\/\/agora.xtec.cat\/zer-pedrera\/wp-json\/wp\/v2\/types\/post"}],"author":[{"embeddable":true,"href":"https:\/\/agora.xtec.cat\/zer-pedrera\/wp-json\/wp\/v2\/users\/1"}],"replies":[{"embeddable":true,"href":"https:\/\/agora.xtec.cat\/zer-pedrera\/wp-json\/wp\/v2\/comments?post=5836"}],"version-history":[{"count":1,"href":"https:\/\/agora.xtec.cat\/zer-pedrera\/wp-json\/wp\/v2\/posts\/5836\/revisions"}],"predecessor-version":[{"id":5840,"href":"https:\/\/agora.xtec.cat\/zer-pedrera\/wp-json\/wp\/v2\/posts\/5836\/revisions\/5840"}],"wp:featuredmedia":[{"embeddable":true,"href":"https:\/\/agora.xtec.cat\/zer-pedrera\/wp-json\/wp\/v2\/media\/5839"}],"wp:attachment":[{"href":"https:\/\/agora.xtec.cat\/zer-pedrera\/wp-json\/wp\/v2\/media?parent=5836"}],"wp:term":[{"taxonomy":"category","embeddable":true,"href":"https:\/\/agora.xtec.cat\/zer-pedrera\/wp-json\/wp\/v2\/categories?post=5836"},{"taxonomy":"post_tag","embeddable":true,"href":"https:\/\/agora.xtec.cat\/zer-pedrera\/wp-json\/wp\/v2\/tags?post=5836"}],"curies":[{"name":"wp","href":"https:\/\/api.w.org\/{rel}","templated":true}]}}