{"id":5819,"date":"2022-05-31T23:03:27","date_gmt":"2022-05-31T21:03:27","guid":{"rendered":"https:\/\/agora.xtec.cat\/zer-pedrera\/?p=5819"},"modified":"2022-05-31T23:07:02","modified_gmt":"2022-05-31T21:07:02","slug":"zer-pedrera-sortida-comarcal","status":"publish","type":"post","link":"https:\/\/agora.xtec.cat\/zer-pedrera\/general\/zer-pedrera-sortida-comarcal\/","title":{"rendered":"ZER Pedrera. Sortida comarcal"},"content":{"rendered":"<p>El dia 27 de maig els alumnes de 5\u00e8 i de 6\u00e8 de la nostra ZER han descobert parts de la nostra comarca. Aquest any han visitat:<\/p>\n<ul>\n<li>Espai Maci\u00e0 de les Borges Blanques. \u00c9s un centre d&#8217;interpretaci\u00f3 on es difon el patrimoni lligat a Francesc Maci\u00e0.<\/li>\n<li>Ruta per la quarta s\u00e8quia del Canal d&#8217;Urgell.<\/li>\n<li>Museu de Minferri. Recull de les restes trobades en un assentament de l&#8217;edat de bronze.<\/li>\n<\/ul>\n<p style=\"text-align: center;\"><a href=\"https:\/\/agora.xtec.cat\/zer-pedrera\/wp-content\/uploads\/usu1473\/2022\/05\/1654029823187-1.jpg\"><img loading=\"lazy\" decoding=\"async\" class=\"alignnone size-medium wp-image-5822\" src=\"https:\/\/agora.xtec.cat\/zer-pedrera\/wp-content\/uploads\/usu1473\/2022\/05\/1654029823187-1-254x300.jpg\" alt=\"\" width=\"254\" height=\"300\" srcset=\"https:\/\/agora.xtec.cat\/zer-pedrera\/wp-content\/uploads\/usu1473\/2022\/05\/1654029823187-1-254x300.jpg 254w, https:\/\/agora.xtec.cat\/zer-pedrera\/wp-content\/uploads\/usu1473\/2022\/05\/1654029823187-1.jpg 339w\" sizes=\"auto, (max-width: 254px) 100vw, 254px\" \/><\/a><\/p>\n<div>\n<div>\n<div><\/div>\n<\/div>\n<\/div>\n","protected":false},"excerpt":{"rendered":"<p>El dia 27 de maig els alumnes de 5\u00e8 i de 6\u00e8 de la nostra ZER han descobert parts de la nostra comarca. Aquest any han visitat:<\/p>\n<ul>\n<li>Espai Maci\u00e0 de les Borges Blanques. \u00c9s un centre d&#8217;interpretaci\u00f3 on es difon el patrimoni lligat a Francesc Maci\u00e0.<\/li>\n<li>Ruta&hellip;  <a href=\"https:\/\/agora.xtec.cat\/zer-pedrera\/general\/zer-pedrera-sortida-comarcal\/\" title=\"Read ZER Pedrera. Sortida comarcal\">Llegeix m\u00e9s\u00bb<\/a><br \/>\n","protected":false},"author":1,"featured_media":5822,"comment_status":"open","ping_status":"closed","sticky":false,"template":"","format":"standard","meta":{"_bbp_topic_count":0,"_bbp_reply_count":0,"_bbp_total_topic_count":0,"_bbp_total_reply_count":0,"_bbp_voice_count":0,"_bbp_anonymous_reply_count":0,"_bbp_topic_count_hidden":0,"_bbp_reply_count_hidden":0,"_bbp_forum_subforum_count":0,"footnotes":""},"categories":[199,110,1,29,89],"tags":[],"class_list":["post-5819","post","type-post","status-publish","format-standard","has-post-thumbnail","hentry","category-educacio-fisica","category-escola-abat-ruera","category-general","category-portada","category-primaria"],"post_mailing_queue_ids":[],"_links":{"self":[{"href":"https:\/\/agora.xtec.cat\/zer-pedrera\/wp-json\/wp\/v2\/posts\/5819","targetHints":{"allow":["GET"]}}],"collection":[{"href":"https:\/\/agora.xtec.cat\/zer-pedrera\/wp-json\/wp\/v2\/posts"}],"about":[{"href":"https:\/\/agora.xtec.cat\/zer-pedrera\/wp-json\/wp\/v2\/types\/post"}],"author":[{"embeddable":true,"href":"https:\/\/agora.xtec.cat\/zer-pedrera\/wp-json\/wp\/v2\/users\/1"}],"replies":[{"embeddable":true,"href":"https:\/\/agora.xtec.cat\/zer-pedrera\/wp-json\/wp\/v2\/comments?post=5819"}],"version-history":[{"count":3,"href":"https:\/\/agora.xtec.cat\/zer-pedrera\/wp-json\/wp\/v2\/posts\/5819\/revisions"}],"predecessor-version":[{"id":5824,"href":"https:\/\/agora.xtec.cat\/zer-pedrera\/wp-json\/wp\/v2\/posts\/5819\/revisions\/5824"}],"wp:featuredmedia":[{"embeddable":true,"href":"https:\/\/agora.xtec.cat\/zer-pedrera\/wp-json\/wp\/v2\/media\/5822"}],"wp:attachment":[{"href":"https:\/\/agora.xtec.cat\/zer-pedrera\/wp-json\/wp\/v2\/media?parent=5819"}],"wp:term":[{"taxonomy":"category","embeddable":true,"href":"https:\/\/agora.xtec.cat\/zer-pedrera\/wp-json\/wp\/v2\/categories?post=5819"},{"taxonomy":"post_tag","embeddable":true,"href":"https:\/\/agora.xtec.cat\/zer-pedrera\/wp-json\/wp\/v2\/tags?post=5819"}],"curies":[{"name":"wp","href":"https:\/\/api.w.org\/{rel}","templated":true}]}}