{"id":5809,"date":"2022-05-31T22:02:27","date_gmt":"2022-05-31T20:02:27","guid":{"rendered":"https:\/\/agora.xtec.cat\/zer-pedrera\/?p=5809"},"modified":"2022-05-31T22:02:27","modified_gmt":"2022-05-31T20:02:27","slug":"ei-i-ci-escola-abat-ruera-movem-el-cos","status":"publish","type":"post","link":"https:\/\/agora.xtec.cat\/zer-pedrera\/general\/ei-i-ci-escola-abat-ruera-movem-el-cos\/","title":{"rendered":"EI i CI escola Abat Ruera. Movem el cos"},"content":{"rendered":"<p>El dia 27 de maig el Jordi, pare de l&#8217;Emma de l&#8217;Escoleta, ens va venir a fer un taller relacionat amb la seva feina di\u00e0ria. Va saber adaptar-se perfectament als nivells dels alumnes i la seva activitat va saber unir la diversi\u00f3 amb la import\u00e0ncia de fer esport i de cuidar el nostre cos.<br \/>\nMoltes gr\u00e0cies Jordi pel teu taller. Els alumnes i les senyoretes vam gaudir molt de la teva activitat.<br \/>\nPer veure m\u00e9s fotografies clicar damunt de la imatge.<\/p>\n<p style=\"text-align: center;\"><a href=\"https:\/\/photos.app.goo.gl\/ZfWADvxaGdfWThj86\" target=\"_blank\" rel=\"noopener\"><img loading=\"lazy\" decoding=\"async\" class=\"alignnone size-medium wp-image-5810\" src=\"https:\/\/agora.xtec.cat\/zer-pedrera\/wp-content\/uploads\/usu1473\/2022\/05\/1653715107079-200x300.jpg\" alt=\"\" width=\"200\" height=\"300\" srcset=\"https:\/\/agora.xtec.cat\/zer-pedrera\/wp-content\/uploads\/usu1473\/2022\/05\/1653715107079-200x300.jpg 200w, https:\/\/agora.xtec.cat\/zer-pedrera\/wp-content\/uploads\/usu1473\/2022\/05\/1653715107079.jpg 418w\" sizes=\"auto, (max-width: 200px) 100vw, 200px\" \/><\/a><\/p>\n","protected":false},"excerpt":{"rendered":"<p>El dia 27 de maig el Jordi, pare de l&#8217;Emma de l&#8217;Escoleta, ens va venir a fer un taller relacionat amb la seva feina di\u00e0ria. Va saber adaptar-se perfectament als nivells dels alumnes i la seva activitat va saber unir la diversi\u00f3 amb la import\u00e0ncia&hellip;  <a href=\"https:\/\/agora.xtec.cat\/zer-pedrera\/general\/ei-i-ci-escola-abat-ruera-movem-el-cos\/\" title=\"Read EI i CI escola Abat Ruera. Movem el cos\">Llegeix m\u00e9s\u00bb<\/a><\/p>\n","protected":false},"author":1,"featured_media":5810,"comment_status":"open","ping_status":"closed","sticky":false,"template":"","format":"standard","meta":{"_bbp_topic_count":0,"_bbp_reply_count":0,"_bbp_total_topic_count":0,"_bbp_total_reply_count":0,"_bbp_voice_count":0,"_bbp_anonymous_reply_count":0,"_bbp_topic_count_hidden":0,"_bbp_reply_count_hidden":0,"_bbp_forum_subforum_count":0,"footnotes":""},"categories":[113,199,110,1,29,89],"tags":[],"class_list":["post-5809","post","type-post","status-publish","format-standard","has-post-thumbnail","hentry","category-e-infantil","category-educacio-fisica","category-escola-abat-ruera","category-general","category-portada","category-primaria"],"post_mailing_queue_ids":[],"_links":{"self":[{"href":"https:\/\/agora.xtec.cat\/zer-pedrera\/wp-json\/wp\/v2\/posts\/5809","targetHints":{"allow":["GET"]}}],"collection":[{"href":"https:\/\/agora.xtec.cat\/zer-pedrera\/wp-json\/wp\/v2\/posts"}],"about":[{"href":"https:\/\/agora.xtec.cat\/zer-pedrera\/wp-json\/wp\/v2\/types\/post"}],"author":[{"embeddable":true,"href":"https:\/\/agora.xtec.cat\/zer-pedrera\/wp-json\/wp\/v2\/users\/1"}],"replies":[{"embeddable":true,"href":"https:\/\/agora.xtec.cat\/zer-pedrera\/wp-json\/wp\/v2\/comments?post=5809"}],"version-history":[{"count":1,"href":"https:\/\/agora.xtec.cat\/zer-pedrera\/wp-json\/wp\/v2\/posts\/5809\/revisions"}],"predecessor-version":[{"id":5811,"href":"https:\/\/agora.xtec.cat\/zer-pedrera\/wp-json\/wp\/v2\/posts\/5809\/revisions\/5811"}],"wp:featuredmedia":[{"embeddable":true,"href":"https:\/\/agora.xtec.cat\/zer-pedrera\/wp-json\/wp\/v2\/media\/5810"}],"wp:attachment":[{"href":"https:\/\/agora.xtec.cat\/zer-pedrera\/wp-json\/wp\/v2\/media?parent=5809"}],"wp:term":[{"taxonomy":"category","embeddable":true,"href":"https:\/\/agora.xtec.cat\/zer-pedrera\/wp-json\/wp\/v2\/categories?post=5809"},{"taxonomy":"post_tag","embeddable":true,"href":"https:\/\/agora.xtec.cat\/zer-pedrera\/wp-json\/wp\/v2\/tags?post=5809"}],"curies":[{"name":"wp","href":"https:\/\/api.w.org\/{rel}","templated":true}]}}