{"id":5790,"date":"2022-05-27T00:15:55","date_gmt":"2022-05-26T22:15:55","guid":{"rendered":"https:\/\/agora.xtec.cat\/zer-pedrera\/?p=5790"},"modified":"2022-05-27T00:15:55","modified_gmt":"2022-05-26T22:15:55","slug":"els-estats-de-laigua-a-ei-i-ci-escola-porcel-de-cervera","status":"publish","type":"post","link":"https:\/\/agora.xtec.cat\/zer-pedrera\/general\/els-estats-de-laigua-a-ei-i-ci-escola-porcel-de-cervera\/","title":{"rendered":"Els estats de l&#8217;aigua a EI i CI. Escola Porcel de Cervera."},"content":{"rendered":"<p>Aquesta mat\u00ed, a la classe dels petits, hem experimentat amb els estats de l&#8217;aigua. Despr\u00e9s de visionar un v\u00eddeo, amb l&#8217;ajuda d&#8217;un bullidor, hem descongelat gla\u00e7ons per observar com es convertien primer en aigua i despr\u00e9s en vapor d&#8217;aigua.<\/p>\n<p>Un cop el vapor sortia, amb l&#8217;ajuda d&#8217;una tapa i de les nostres mans, hem vist com es condensava i es tornava altre cop aigua.<\/p>\n<p>Durant tota l&#8217;experimentaci\u00f3 els nens i les nenes anaven formulant hip\u00f2tesis que despr\u00e9s an\u00e0vem verificant.<\/p>\n<p>Per \u00faltim, hem pensat com pod\u00edem fer per a convertir l&#8217;aigua en gel i aix\u00ed tornar-la a l&#8217;estat inicial. Els nens i les nenes de seguida han tingut la idea de posar-la al congelador; amb l&#8217;ajuda d&#8217;unes gla\u00e7oneres i uns motllos, hem tenyit aigua amb tints alimentaris i l&#8217;hem posada al congelador. Dem\u00e0 en veurem el resultat i ja us l&#8217;explicarem.<\/p>\n<p>Per finalitzar l&#8217;activitat, cada infant ha representat l&#8217;experiment en un paper.<\/p>\n<p>Si en voleu veure les fotos que hem anat fent, cliqueu en la imatge.<\/p>\n<p style=\"text-align: center;\"><a href=\"https:\/\/photos.app.goo.gl\/uf1nstLJzXj8d2PF7\"><img loading=\"lazy\" decoding=\"async\" class=\"alignnone wp-image-5794\" src=\"https:\/\/agora.xtec.cat\/zer-pedrera\/wp-content\/uploads\/usu1473\/2022\/05\/20220526_101223-300x169.jpg\" alt=\"\" width=\"273\" height=\"154\" srcset=\"https:\/\/agora.xtec.cat\/zer-pedrera\/wp-content\/uploads\/usu1473\/2022\/05\/20220526_101223-300x169.jpg 300w, https:\/\/agora.xtec.cat\/zer-pedrera\/wp-content\/uploads\/usu1473\/2022\/05\/20220526_101223.jpg 563w\" sizes=\"auto, (max-width: 273px) 100vw, 273px\" \/><\/a><\/p>\n<p>&nbsp;<\/p>\n<p>&nbsp;<\/p>\n<p>&nbsp;<\/p>\n","protected":false},"excerpt":{"rendered":"<p>Aquesta mat\u00ed, a la classe dels petits, hem experimentat amb els estats de l&#8217;aigua. Despr\u00e9s de visionar un v\u00eddeo, amb l&#8217;ajuda d&#8217;un bullidor, hem descongelat gla\u00e7ons per observar com es convertien primer en aigua i despr\u00e9s en vapor d&#8217;aigua.<br \/>\nUn cop el vapor sortia, amb l&#8217;ajuda&hellip;  <a href=\"https:\/\/agora.xtec.cat\/zer-pedrera\/general\/els-estats-de-laigua-a-ei-i-ci-escola-porcel-de-cervera\/\" title=\"Read Els estats de l&#8217;aigua a EI i CI. Escola Porcel de Cervera.\">Llegeix m\u00e9s\u00bb<\/a><\/p>\n","protected":false},"author":1,"featured_media":5794,"comment_status":"open","ping_status":"closed","sticky":false,"template":"","format":"standard","meta":{"_bbp_topic_count":0,"_bbp_reply_count":0,"_bbp_total_topic_count":0,"_bbp_total_reply_count":0,"_bbp_voice_count":0,"_bbp_anonymous_reply_count":0,"_bbp_topic_count_hidden":0,"_bbp_reply_count_hidden":0,"_bbp_forum_subforum_count":0,"footnotes":""},"categories":[113,111,1,116,29,89],"tags":[],"class_list":["post-5790","post","type-post","status-publish","format-standard","has-post-thumbnail","hentry","category-e-infantil","category-escola-porcel-de-cervera","category-general","category-medi","category-portada","category-primaria"],"post_mailing_queue_ids":[],"_links":{"self":[{"href":"https:\/\/agora.xtec.cat\/zer-pedrera\/wp-json\/wp\/v2\/posts\/5790","targetHints":{"allow":["GET"]}}],"collection":[{"href":"https:\/\/agora.xtec.cat\/zer-pedrera\/wp-json\/wp\/v2\/posts"}],"about":[{"href":"https:\/\/agora.xtec.cat\/zer-pedrera\/wp-json\/wp\/v2\/types\/post"}],"author":[{"embeddable":true,"href":"https:\/\/agora.xtec.cat\/zer-pedrera\/wp-json\/wp\/v2\/users\/1"}],"replies":[{"embeddable":true,"href":"https:\/\/agora.xtec.cat\/zer-pedrera\/wp-json\/wp\/v2\/comments?post=5790"}],"version-history":[{"count":3,"href":"https:\/\/agora.xtec.cat\/zer-pedrera\/wp-json\/wp\/v2\/posts\/5790\/revisions"}],"predecessor-version":[{"id":5797,"href":"https:\/\/agora.xtec.cat\/zer-pedrera\/wp-json\/wp\/v2\/posts\/5790\/revisions\/5797"}],"wp:featuredmedia":[{"embeddable":true,"href":"https:\/\/agora.xtec.cat\/zer-pedrera\/wp-json\/wp\/v2\/media\/5794"}],"wp:attachment":[{"href":"https:\/\/agora.xtec.cat\/zer-pedrera\/wp-json\/wp\/v2\/media?parent=5790"}],"wp:term":[{"taxonomy":"category","embeddable":true,"href":"https:\/\/agora.xtec.cat\/zer-pedrera\/wp-json\/wp\/v2\/categories?post=5790"},{"taxonomy":"post_tag","embeddable":true,"href":"https:\/\/agora.xtec.cat\/zer-pedrera\/wp-json\/wp\/v2\/tags?post=5790"}],"curies":[{"name":"wp","href":"https:\/\/api.w.org\/{rel}","templated":true}]}}