{"id":5758,"date":"2022-05-16T23:25:14","date_gmt":"2022-05-16T21:25:14","guid":{"rendered":"https:\/\/agora.xtec.cat\/zer-pedrera\/?p=5758"},"modified":"2022-05-16T23:33:31","modified_gmt":"2022-05-16T21:33:31","slug":"ei-i-ci-de-lescola-abat-ruera-taller-dhigiene-bucal","status":"publish","type":"post","link":"https:\/\/agora.xtec.cat\/zer-pedrera\/general\/ei-i-ci-de-lescola-abat-ruera-taller-dhigiene-bucal\/","title":{"rendered":"EI i CI de l&#8217;escola Abat Ruera. Taller d&#8217;higiene bucal"},"content":{"rendered":"<p>El dia 13 de maig l&#8217;Esther Bellmunt, higienista bucal, va venir a l&#8217;escola a fer-nos un taller als alumnes d&#8217;Educaci\u00f3 Infantil i de Cicle Inicial. Vam aprendre moltes coses no solament els alumnes sin\u00f3 tamb\u00e9 les mestres. Les dents, les seves parts, la boca i sobretot la higiene bucal van ser temes que es van tractar. L&#8217;Esther va portar molt material que va ajudar a entendre millor les seves explicacions. Per un dia vam poder ser dentistes i ens vam disfressar!!!<br \/>\nGr\u00e0cies Esther per la teva predisposici\u00f3, per donar als alumnes i mestres un necesser amb estris bucals i per la teva dedicaci\u00f3 d&#8217;hores preparant materials.<\/p>\n<p style=\"text-align: center;\"><a href=\"https:\/\/photos.app.goo.gl\/xQqcfLd9UAVD3EbY6\" target=\"_blank\" rel=\"noopener\"><img loading=\"lazy\" decoding=\"async\" class=\"alignnone size-medium wp-image-5763\" src=\"https:\/\/agora.xtec.cat\/zer-pedrera\/wp-content\/uploads\/usu1473\/2022\/05\/1652466900690-1-300x225.jpg\" alt=\"\" width=\"300\" height=\"225\" srcset=\"https:\/\/agora.xtec.cat\/zer-pedrera\/wp-content\/uploads\/usu1473\/2022\/05\/1652466900690-1-300x225.jpg 300w, https:\/\/agora.xtec.cat\/zer-pedrera\/wp-content\/uploads\/usu1473\/2022\/05\/1652466900690-1-200x150.jpg 200w, https:\/\/agora.xtec.cat\/zer-pedrera\/wp-content\/uploads\/usu1473\/2022\/05\/1652466900690-1.jpg 591w\" sizes=\"auto, (max-width: 300px) 100vw, 300px\" \/><\/a><\/p>\n<p>&nbsp;<\/p>\n<p>&nbsp;<\/p>\n<p>&nbsp;<\/p>\n<p>&nbsp;<\/p>\n","protected":false},"excerpt":{"rendered":"<p>El dia 13 de maig l&#8217;Esther Bellmunt, higienista bucal, va venir a l&#8217;escola a fer-nos un taller als alumnes d&#8217;Educaci\u00f3 Infantil i de Cicle Inicial. Vam aprendre moltes coses no solament els alumnes sin\u00f3 tamb\u00e9 les mestres. Les dents, les seves parts, la boca i&hellip;  <a href=\"https:\/\/agora.xtec.cat\/zer-pedrera\/general\/ei-i-ci-de-lescola-abat-ruera-taller-dhigiene-bucal\/\" title=\"Read EI i CI de l&#8217;escola Abat Ruera. Taller d&#8217;higiene bucal\">Llegeix m\u00e9s\u00bb<\/a><\/p>\n","protected":false},"author":1,"featured_media":5763,"comment_status":"open","ping_status":"closed","sticky":false,"template":"","format":"standard","meta":{"_bbp_topic_count":0,"_bbp_reply_count":0,"_bbp_total_topic_count":0,"_bbp_total_reply_count":0,"_bbp_voice_count":0,"_bbp_anonymous_reply_count":0,"_bbp_topic_count_hidden":0,"_bbp_reply_count_hidden":0,"_bbp_forum_subforum_count":0,"footnotes":""},"categories":[113,110,1,116,29,89],"tags":[],"class_list":["post-5758","post","type-post","status-publish","format-standard","has-post-thumbnail","hentry","category-e-infantil","category-escola-abat-ruera","category-general","category-medi","category-portada","category-primaria"],"post_mailing_queue_ids":[],"_links":{"self":[{"href":"https:\/\/agora.xtec.cat\/zer-pedrera\/wp-json\/wp\/v2\/posts\/5758","targetHints":{"allow":["GET"]}}],"collection":[{"href":"https:\/\/agora.xtec.cat\/zer-pedrera\/wp-json\/wp\/v2\/posts"}],"about":[{"href":"https:\/\/agora.xtec.cat\/zer-pedrera\/wp-json\/wp\/v2\/types\/post"}],"author":[{"embeddable":true,"href":"https:\/\/agora.xtec.cat\/zer-pedrera\/wp-json\/wp\/v2\/users\/1"}],"replies":[{"embeddable":true,"href":"https:\/\/agora.xtec.cat\/zer-pedrera\/wp-json\/wp\/v2\/comments?post=5758"}],"version-history":[{"count":3,"href":"https:\/\/agora.xtec.cat\/zer-pedrera\/wp-json\/wp\/v2\/posts\/5758\/revisions"}],"predecessor-version":[{"id":5764,"href":"https:\/\/agora.xtec.cat\/zer-pedrera\/wp-json\/wp\/v2\/posts\/5758\/revisions\/5764"}],"wp:featuredmedia":[{"embeddable":true,"href":"https:\/\/agora.xtec.cat\/zer-pedrera\/wp-json\/wp\/v2\/media\/5763"}],"wp:attachment":[{"href":"https:\/\/agora.xtec.cat\/zer-pedrera\/wp-json\/wp\/v2\/media?parent=5758"}],"wp:term":[{"taxonomy":"category","embeddable":true,"href":"https:\/\/agora.xtec.cat\/zer-pedrera\/wp-json\/wp\/v2\/categories?post=5758"},{"taxonomy":"post_tag","embeddable":true,"href":"https:\/\/agora.xtec.cat\/zer-pedrera\/wp-json\/wp\/v2\/tags?post=5758"}],"curies":[{"name":"wp","href":"https:\/\/api.w.org\/{rel}","templated":true}]}}