{"id":5733,"date":"2022-05-16T11:56:18","date_gmt":"2022-05-16T09:56:18","guid":{"rendered":"https:\/\/agora.xtec.cat\/zer-pedrera\/?p=5733"},"modified":"2022-05-16T11:56:18","modified_gmt":"2022-05-16T09:56:18","slug":"ei-de-lescola-abat-ruera-taller-de-lolfacte","status":"publish","type":"post","link":"https:\/\/agora.xtec.cat\/zer-pedrera\/general\/ei-de-lescola-abat-ruera-taller-de-lolfacte\/","title":{"rendered":"EI de l&#8217;Escola Abat Ruera. Taller de l&#8217;olfacte"},"content":{"rendered":"<p>Per poder treballar el sentit de l&#8217;olfacte hem demanat a les fam\u00edlies que portessin de casa diferents subst\u00e0ncies, menjars, plantes&#8230; que fessin olors diferents.<\/p>\n<p>Els nens i les nenes han anat olorant i han hagut d&#8217;endevinar que era, primer amb els ulls tapats i despr\u00e9s sense, perqu\u00e8 fins i tot veient de qu\u00e8 es tractava, algunes subst\u00e0ncies se&#8217;ls feien dif\u00edcils d&#8217;esbrinar.!<\/p>\n<p>En acabar hem &#8220;treballat&#8221; el sentit del gust menjant-nos la xocolata i les llaminadures. S&#8217;ho han passat molt b\u00e9 i han descobert moltes olors noves. Per veure m\u00e9s fotografies clicar damunt de la imatge.<\/p>\n<p style=\"text-align: center;\"><a href=\"https:\/\/photos.app.goo.gl\/j8UqL8sEYVo9RMyj9\" target=\"_blank\" rel=\"noopener\"><img loading=\"lazy\" decoding=\"async\" class=\"alignnone size-medium wp-image-5734\" src=\"https:\/\/agora.xtec.cat\/zer-pedrera\/wp-content\/uploads\/usu1473\/2022\/05\/1652466869083-225x300.jpg\" alt=\"\" width=\"225\" height=\"300\" srcset=\"https:\/\/agora.xtec.cat\/zer-pedrera\/wp-content\/uploads\/usu1473\/2022\/05\/1652466869083-225x300.jpg 225w, https:\/\/agora.xtec.cat\/zer-pedrera\/wp-content\/uploads\/usu1473\/2022\/05\/1652466869083-768x1024.jpg 768w, https:\/\/agora.xtec.cat\/zer-pedrera\/wp-content\/uploads\/usu1473\/2022\/05\/1652466869083-1152x1536.jpg 1152w, https:\/\/agora.xtec.cat\/zer-pedrera\/wp-content\/uploads\/usu1473\/2022\/05\/1652466869083-1536x2048.jpg 1536w, https:\/\/agora.xtec.cat\/zer-pedrera\/wp-content\/uploads\/usu1473\/2022\/05\/1652466869083-scaled.jpg 1920w\" sizes=\"auto, (max-width: 225px) 100vw, 225px\" \/><\/a><\/p>\n<p>&nbsp;<\/p>\n","protected":false},"excerpt":{"rendered":"<p>Per poder treballar el sentit de l&#8217;olfacte hem demanat a les fam\u00edlies que portessin de casa diferents subst\u00e0ncies, menjars, plantes&#8230; que fessin olors diferents.<br \/>\nEls nens i les nenes han anat olorant i han hagut d&#8217;endevinar que era, primer amb els ulls tapats i despr\u00e9s sense,&hellip;  <a href=\"https:\/\/agora.xtec.cat\/zer-pedrera\/general\/ei-de-lescola-abat-ruera-taller-de-lolfacte\/\" title=\"Read EI de l&#8217;Escola Abat Ruera. Taller de l&#8217;olfacte\">Llegeix m\u00e9s\u00bb<\/a><\/p>\n","protected":false},"author":1,"featured_media":5734,"comment_status":"open","ping_status":"closed","sticky":false,"template":"","format":"standard","meta":{"_bbp_topic_count":0,"_bbp_reply_count":0,"_bbp_total_topic_count":0,"_bbp_total_reply_count":0,"_bbp_voice_count":0,"_bbp_anonymous_reply_count":0,"_bbp_topic_count_hidden":0,"_bbp_reply_count_hidden":0,"_bbp_forum_subforum_count":0,"footnotes":""},"categories":[113,110,1,116,29],"tags":[],"class_list":["post-5733","post","type-post","status-publish","format-standard","has-post-thumbnail","hentry","category-e-infantil","category-escola-abat-ruera","category-general","category-medi","category-portada"],"post_mailing_queue_ids":[],"_links":{"self":[{"href":"https:\/\/agora.xtec.cat\/zer-pedrera\/wp-json\/wp\/v2\/posts\/5733","targetHints":{"allow":["GET"]}}],"collection":[{"href":"https:\/\/agora.xtec.cat\/zer-pedrera\/wp-json\/wp\/v2\/posts"}],"about":[{"href":"https:\/\/agora.xtec.cat\/zer-pedrera\/wp-json\/wp\/v2\/types\/post"}],"author":[{"embeddable":true,"href":"https:\/\/agora.xtec.cat\/zer-pedrera\/wp-json\/wp\/v2\/users\/1"}],"replies":[{"embeddable":true,"href":"https:\/\/agora.xtec.cat\/zer-pedrera\/wp-json\/wp\/v2\/comments?post=5733"}],"version-history":[{"count":1,"href":"https:\/\/agora.xtec.cat\/zer-pedrera\/wp-json\/wp\/v2\/posts\/5733\/revisions"}],"predecessor-version":[{"id":5735,"href":"https:\/\/agora.xtec.cat\/zer-pedrera\/wp-json\/wp\/v2\/posts\/5733\/revisions\/5735"}],"wp:featuredmedia":[{"embeddable":true,"href":"https:\/\/agora.xtec.cat\/zer-pedrera\/wp-json\/wp\/v2\/media\/5734"}],"wp:attachment":[{"href":"https:\/\/agora.xtec.cat\/zer-pedrera\/wp-json\/wp\/v2\/media?parent=5733"}],"wp:term":[{"taxonomy":"category","embeddable":true,"href":"https:\/\/agora.xtec.cat\/zer-pedrera\/wp-json\/wp\/v2\/categories?post=5733"},{"taxonomy":"post_tag","embeddable":true,"href":"https:\/\/agora.xtec.cat\/zer-pedrera\/wp-json\/wp\/v2\/tags?post=5733"}],"curies":[{"name":"wp","href":"https:\/\/api.w.org\/{rel}","templated":true}]}}