{"id":5726,"date":"2022-05-16T07:13:36","date_gmt":"2022-05-16T05:13:36","guid":{"rendered":"https:\/\/agora.xtec.cat\/zer-pedrera\/?p=5726"},"modified":"2022-05-16T07:13:36","modified_gmt":"2022-05-16T05:13:36","slug":"wanda-the-witch-i-la-guitarra","status":"publish","type":"post","link":"https:\/\/agora.xtec.cat\/zer-pedrera\/general\/wanda-the-witch-i-la-guitarra\/","title":{"rendered":"WANDA THE WITCH I LA GUITARRA"},"content":{"rendered":"<p>Hi Guys,<\/p>\n<p>Last thursday,may 12th,students of 1st,2nd and 3rd level of Primary went to see &#8220;Wanda the witch&#8221; play in Les Borges Blanques. We participated of the show even our teacher.<\/p>\n<p>It was funny and amusing.<\/p>\n<p>Despr\u00e9s, a la Sala Lois , van escoltar una audici\u00f3 sobre els diferents tipus de guitarres: espanyola , ac\u00fastica i el\u00e8ctrica i una mica d&#8217; hist\u00f2ria de la guitarra i un torn de preguntes en acabar.<\/p>\n<p>Molt interessant tot.<\/p>\n<p>Feu un clic per a veure les imatges.<a href=\"https:\/\/photos.app.goo.gl\/qNvbCXo5LwCmLbrAA\">https:\/\/photos.app.goo.gl\/qNvbCXo5LwCmLbrAA<\/a><a href=\"https:\/\/agora.xtec.cat\/zer-pedrera\/wp-content\/uploads\/usu1473\/2022\/05\/wanda-i-guitarra.jpg\"><img loading=\"lazy\" decoding=\"async\" class=\"alignnone size-medium wp-image-5728\" src=\"https:\/\/agora.xtec.cat\/zer-pedrera\/wp-content\/uploads\/usu1473\/2022\/05\/wanda-i-guitarra-291x300.jpg\" alt=\"\" width=\"291\" height=\"300\" srcset=\"https:\/\/agora.xtec.cat\/zer-pedrera\/wp-content\/uploads\/usu1473\/2022\/05\/wanda-i-guitarra-291x300.jpg 291w, https:\/\/agora.xtec.cat\/zer-pedrera\/wp-content\/uploads\/usu1473\/2022\/05\/wanda-i-guitarra-993x1024.jpg 993w, https:\/\/agora.xtec.cat\/zer-pedrera\/wp-content\/uploads\/usu1473\/2022\/05\/wanda-i-guitarra-768x792.jpg 768w, https:\/\/agora.xtec.cat\/zer-pedrera\/wp-content\/uploads\/usu1473\/2022\/05\/wanda-i-guitarra.jpg 999w\" sizes=\"auto, (max-width: 291px) 100vw, 291px\" \/><\/a><\/p>\n","protected":false},"excerpt":{"rendered":"<p>Hi Guys,<br \/>\nLast thursday,may 12th,students of 1st,2nd and 3rd level of Primary went to see &#8220;Wanda the witch&#8221; play in Les Borges Blanques. We participated of the show even our teacher.<br \/>\nIt was funny and amusing.<br \/>\nDespr\u00e9s, a la Sala Lois , van escoltar una audici\u00f3 sobre els&hellip;  <a href=\"https:\/\/agora.xtec.cat\/zer-pedrera\/general\/wanda-the-witch-i-la-guitarra\/\" title=\"Read WANDA THE WITCH I LA GUITARRA\">Llegeix m\u00e9s\u00bb<\/a><\/p>\n","protected":false},"author":1,"featured_media":5727,"comment_status":"open","ping_status":"closed","sticky":false,"template":"","format":"standard","meta":{"_bbp_topic_count":0,"_bbp_reply_count":0,"_bbp_total_topic_count":0,"_bbp_total_reply_count":0,"_bbp_voice_count":0,"_bbp_anonymous_reply_count":0,"_bbp_topic_count_hidden":0,"_bbp_reply_count_hidden":0,"_bbp_forum_subforum_count":0,"footnotes":""},"categories":[1,29],"tags":[],"class_list":["post-5726","post","type-post","status-publish","format-standard","has-post-thumbnail","hentry","category-general","category-portada"],"post_mailing_queue_ids":[],"_links":{"self":[{"href":"https:\/\/agora.xtec.cat\/zer-pedrera\/wp-json\/wp\/v2\/posts\/5726","targetHints":{"allow":["GET"]}}],"collection":[{"href":"https:\/\/agora.xtec.cat\/zer-pedrera\/wp-json\/wp\/v2\/posts"}],"about":[{"href":"https:\/\/agora.xtec.cat\/zer-pedrera\/wp-json\/wp\/v2\/types\/post"}],"author":[{"embeddable":true,"href":"https:\/\/agora.xtec.cat\/zer-pedrera\/wp-json\/wp\/v2\/users\/1"}],"replies":[{"embeddable":true,"href":"https:\/\/agora.xtec.cat\/zer-pedrera\/wp-json\/wp\/v2\/comments?post=5726"}],"version-history":[{"count":1,"href":"https:\/\/agora.xtec.cat\/zer-pedrera\/wp-json\/wp\/v2\/posts\/5726\/revisions"}],"predecessor-version":[{"id":5729,"href":"https:\/\/agora.xtec.cat\/zer-pedrera\/wp-json\/wp\/v2\/posts\/5726\/revisions\/5729"}],"wp:featuredmedia":[{"embeddable":true,"href":"https:\/\/agora.xtec.cat\/zer-pedrera\/wp-json\/wp\/v2\/media\/5727"}],"wp:attachment":[{"href":"https:\/\/agora.xtec.cat\/zer-pedrera\/wp-json\/wp\/v2\/media?parent=5726"}],"wp:term":[{"taxonomy":"category","embeddable":true,"href":"https:\/\/agora.xtec.cat\/zer-pedrera\/wp-json\/wp\/v2\/categories?post=5726"},{"taxonomy":"post_tag","embeddable":true,"href":"https:\/\/agora.xtec.cat\/zer-pedrera\/wp-json\/wp\/v2\/tags?post=5726"}],"curies":[{"name":"wp","href":"https:\/\/api.w.org\/{rel}","templated":true}]}}