{"id":5705,"date":"2022-05-05T19:38:44","date_gmt":"2022-05-05T17:38:44","guid":{"rendered":"https:\/\/agora.xtec.cat\/zer-pedrera\/?p=5705"},"modified":"2022-05-05T19:43:15","modified_gmt":"2022-05-05T17:43:15","slug":"zer-pedrera-jornada-esportiva","status":"publish","type":"post","link":"https:\/\/agora.xtec.cat\/zer-pedrera\/general\/zer-pedrera-jornada-esportiva\/","title":{"rendered":"ZER Pedrera. Jornada Esportiva"},"content":{"rendered":"<p style=\"text-align: left;\">Ahir dia 4 de maig els alumnes i docents de la ZER Pedrera vam gaudir d&#8217;una jornada esportiva diferent, on la cultura i la hist\u00f2ria van estar present pels m\u00e9s grans de la ZER visitant les trinxeres dels Tossals de la Guerra Civil Espanyola ubicades a Bellmunt i de la Font Amarga. En canvi, els alumnes d&#8217;Educaci\u00f3 Infantil i Cicle Inicial van gaudir del poble de Penelles, fent activitats molt interessants; visionament d&#8217;un v\u00eddeo sobre el m\u00f3n dels murals-grafitis i del Taller Corral, l&#8217;objectiu del qual era convertir als nens i nenes en\u00a0 artistes per un dia. A m\u00e9s van descobrir el poble de Penelles i els seus fant\u00e0stics murals.<\/p>\n<div style=\"text-align: left;\">Per veure les fotografies de la jornada clicar damunt de la imatge.<\/div>\n<div><\/div>\n<div style=\"text-align: center;\"><a href=\"https:\/\/photos.app.goo.gl\/a2ABPiwSewTK8Yrc8\" target=\"_blank\" rel=\"noopener\"><img loading=\"lazy\" decoding=\"async\" class=\"alignnone wp-image-5706\" src=\"https:\/\/agora.xtec.cat\/zer-pedrera\/wp-content\/uploads\/usu1473\/2022\/05\/1651685687711-1.jpg\" alt=\"\" width=\"581\" height=\"327\" srcset=\"https:\/\/agora.xtec.cat\/zer-pedrera\/wp-content\/uploads\/usu1473\/2022\/05\/1651685687711-1.jpg 682w, https:\/\/agora.xtec.cat\/zer-pedrera\/wp-content\/uploads\/usu1473\/2022\/05\/1651685687711-1-300x169.jpg 300w\" sizes=\"auto, (max-width: 581px) 100vw, 581px\" \/><\/a><\/div>\n<div style=\"text-align: left;\"><\/div>\n<div><\/div>\n","protected":false},"excerpt":{"rendered":"<p>Ahir dia 4 de maig els alumnes i docents de la ZER Pedrera vam gaudir d&#8217;una jornada esportiva diferent, on la cultura i la hist\u00f2ria van estar present pels m\u00e9s grans de la ZER visitant les trinxeres dels Tossals de la Guerra Civil Espanyola ubicades&hellip;  <a href=\"https:\/\/agora.xtec.cat\/zer-pedrera\/general\/zer-pedrera-jornada-esportiva\/\" title=\"Read ZER Pedrera. Jornada Esportiva\">Llegeix m\u00e9s\u00bb<\/a><\/p>\n","protected":false},"author":1,"featured_media":5706,"comment_status":"open","ping_status":"closed","sticky":false,"template":"","format":"standard","meta":{"_bbp_topic_count":0,"_bbp_reply_count":0,"_bbp_total_topic_count":0,"_bbp_total_reply_count":0,"_bbp_voice_count":0,"_bbp_anonymous_reply_count":0,"_bbp_topic_count_hidden":0,"_bbp_reply_count_hidden":0,"_bbp_forum_subforum_count":0,"footnotes":""},"categories":[113,199,110,111,1,29,89,120],"tags":[],"class_list":["post-5705","post","type-post","status-publish","format-standard","has-post-thumbnail","hentry","category-e-infantil","category-educacio-fisica","category-escola-abat-ruera","category-escola-porcel-de-cervera","category-general","category-portada","category-primaria","category-projectes"],"post_mailing_queue_ids":[],"_links":{"self":[{"href":"https:\/\/agora.xtec.cat\/zer-pedrera\/wp-json\/wp\/v2\/posts\/5705","targetHints":{"allow":["GET"]}}],"collection":[{"href":"https:\/\/agora.xtec.cat\/zer-pedrera\/wp-json\/wp\/v2\/posts"}],"about":[{"href":"https:\/\/agora.xtec.cat\/zer-pedrera\/wp-json\/wp\/v2\/types\/post"}],"author":[{"embeddable":true,"href":"https:\/\/agora.xtec.cat\/zer-pedrera\/wp-json\/wp\/v2\/users\/1"}],"replies":[{"embeddable":true,"href":"https:\/\/agora.xtec.cat\/zer-pedrera\/wp-json\/wp\/v2\/comments?post=5705"}],"version-history":[{"count":3,"href":"https:\/\/agora.xtec.cat\/zer-pedrera\/wp-json\/wp\/v2\/posts\/5705\/revisions"}],"predecessor-version":[{"id":5710,"href":"https:\/\/agora.xtec.cat\/zer-pedrera\/wp-json\/wp\/v2\/posts\/5705\/revisions\/5710"}],"wp:featuredmedia":[{"embeddable":true,"href":"https:\/\/agora.xtec.cat\/zer-pedrera\/wp-json\/wp\/v2\/media\/5706"}],"wp:attachment":[{"href":"https:\/\/agora.xtec.cat\/zer-pedrera\/wp-json\/wp\/v2\/media?parent=5705"}],"wp:term":[{"taxonomy":"category","embeddable":true,"href":"https:\/\/agora.xtec.cat\/zer-pedrera\/wp-json\/wp\/v2\/categories?post=5705"},{"taxonomy":"post_tag","embeddable":true,"href":"https:\/\/agora.xtec.cat\/zer-pedrera\/wp-json\/wp\/v2\/tags?post=5705"}],"curies":[{"name":"wp","href":"https:\/\/api.w.org\/{rel}","templated":true}]}}