{"id":5702,"date":"2022-05-02T12:13:08","date_gmt":"2022-05-02T10:13:08","guid":{"rendered":"https:\/\/agora.xtec.cat\/zer-pedrera\/?p=5702"},"modified":"2022-05-02T12:13:08","modified_gmt":"2022-05-02T10:13:08","slug":"collim-les-verdures-de-lhort","status":"publish","type":"post","link":"https:\/\/agora.xtec.cat\/zer-pedrera\/general\/collim-les-verdures-de-lhort\/","title":{"rendered":"COLLIM LES VERDURES DE L\u2019HORT."},"content":{"rendered":"<p>Els alumnes de l&#8217;escola ja fa uns dies que estan collint de l\u2019hort les verdures que es van plantar fa uns mesos. Estem molts emocionats i emocionades en veure l\u2019evoluci\u00f3 de les nostres verdures i hortalisses fins que les hem pogut collir i tenir-les al plat.<\/p>\n<p>Sabem que \u00e9s important menjar verdures per\u00f2 si les hem plantat nosaltres s\u00f3n m\u00e9s bones!<\/p>\n<p>Mireu quines cebes i enciams ens vam emportar per fer amanides!<\/p>\n<p>Cliqueu a la imatge per veure totes les fotografies!<\/p>\n<p><a href=\"https:\/\/photos.app.goo.gl\/nF2wGaHVfBE2rQnx7\"><img loading=\"lazy\" decoding=\"async\" class=\"size-full wp-image-5703 aligncenter\" src=\"https:\/\/agora.xtec.cat\/zer-pedrera\/wp-content\/uploads\/usu1473\/2022\/05\/images.jpeg\" alt=\"\" width=\"300\" height=\"168\" \/><\/a><\/p>\n","protected":false},"excerpt":{"rendered":"<p>Els alumnes de l&#8217;escola ja fa uns dies que estan collint de l\u2019hort les verdures que es van plantar fa uns mesos. Estem molts emocionats i emocionades en veure l\u2019evoluci\u00f3 de les nostres verdures i hortalisses fins que les hem pogut collir i tenir-les al&hellip;  <a href=\"https:\/\/agora.xtec.cat\/zer-pedrera\/general\/collim-les-verdures-de-lhort\/\" title=\"Read COLLIM LES VERDURES DE L\u2019HORT.\">Llegeix m\u00e9s\u00bb<\/a><\/p>\n","protected":false},"author":1,"featured_media":5703,"comment_status":"open","ping_status":"closed","sticky":false,"template":"","format":"standard","meta":{"_bbp_topic_count":0,"_bbp_reply_count":0,"_bbp_total_topic_count":0,"_bbp_total_reply_count":0,"_bbp_voice_count":0,"_bbp_anonymous_reply_count":0,"_bbp_topic_count_hidden":0,"_bbp_reply_count_hidden":0,"_bbp_forum_subforum_count":0,"footnotes":""},"categories":[111,1,114,29,89,120],"tags":[],"class_list":["post-5702","post","type-post","status-publish","format-standard","has-post-thumbnail","hentry","category-escola-porcel-de-cervera","category-general","category-hort","category-portada","category-primaria","category-projectes"],"post_mailing_queue_ids":[],"_links":{"self":[{"href":"https:\/\/agora.xtec.cat\/zer-pedrera\/wp-json\/wp\/v2\/posts\/5702","targetHints":{"allow":["GET"]}}],"collection":[{"href":"https:\/\/agora.xtec.cat\/zer-pedrera\/wp-json\/wp\/v2\/posts"}],"about":[{"href":"https:\/\/agora.xtec.cat\/zer-pedrera\/wp-json\/wp\/v2\/types\/post"}],"author":[{"embeddable":true,"href":"https:\/\/agora.xtec.cat\/zer-pedrera\/wp-json\/wp\/v2\/users\/1"}],"replies":[{"embeddable":true,"href":"https:\/\/agora.xtec.cat\/zer-pedrera\/wp-json\/wp\/v2\/comments?post=5702"}],"version-history":[{"count":1,"href":"https:\/\/agora.xtec.cat\/zer-pedrera\/wp-json\/wp\/v2\/posts\/5702\/revisions"}],"predecessor-version":[{"id":5704,"href":"https:\/\/agora.xtec.cat\/zer-pedrera\/wp-json\/wp\/v2\/posts\/5702\/revisions\/5704"}],"wp:featuredmedia":[{"embeddable":true,"href":"https:\/\/agora.xtec.cat\/zer-pedrera\/wp-json\/wp\/v2\/media\/5703"}],"wp:attachment":[{"href":"https:\/\/agora.xtec.cat\/zer-pedrera\/wp-json\/wp\/v2\/media?parent=5702"}],"wp:term":[{"taxonomy":"category","embeddable":true,"href":"https:\/\/agora.xtec.cat\/zer-pedrera\/wp-json\/wp\/v2\/categories?post=5702"},{"taxonomy":"post_tag","embeddable":true,"href":"https:\/\/agora.xtec.cat\/zer-pedrera\/wp-json\/wp\/v2\/tags?post=5702"}],"curies":[{"name":"wp","href":"https:\/\/api.w.org\/{rel}","templated":true}]}}