{"id":5692,"date":"2022-04-30T00:33:26","date_gmt":"2022-04-29T22:33:26","guid":{"rendered":"https:\/\/agora.xtec.cat\/zer-pedrera\/?p=5692"},"modified":"2022-04-30T00:34:23","modified_gmt":"2022-04-29T22:34:23","slug":"sant-jordi-a-lescola-porcel-de-cervera-2","status":"publish","type":"post","link":"https:\/\/agora.xtec.cat\/zer-pedrera\/general\/sant-jordi-a-lescola-porcel-de-cervera-2\/","title":{"rendered":"Sant Jordi a l&#8217;escola Porcel de Cervera."},"content":{"rendered":"<p>Aquest any, el dia de Sant Jordi ha caigut en dissabte i aix\u00f2 ha fet que, durant les setmanes anterior i posterior a aquest dia, a l&#8217;escola hem anat realitzant activitats relacionades amb la diada.<\/p>\n<p>Algunes de les activitats que hem dut a terme han estat: visionar el v\u00eddeo de la llegenda a la pantalla digital, mirar i llegir contes de Sant Jordi, realitzar fitxes relacionades amb el tema, fer un detall per a les fam\u00edlies i fer un petit treball sobre el conte &#8220;La princesa, el drac i el cavaller desarmat&#8221; d&#8217;en Joan Turu.<\/p>\n<p>A m\u00e9s, els i les alumnes de la classe dels grans, dins del treball del llenguatge po\u00e8tic que estan duent a terme aquestes setmanes, han realitzat cal\u00b7ligrames de Sant Jordi.<\/p>\n<p>Tamb\u00e9 durant aquests dies hem realitzat un sorteig de tres dels quatre CD&#8217;s de can\u00e7ons que ens ha fet arriba l&#8217;AMPA, CD&#8217;s del grup d&#8217;animaci\u00f3 que hi va haver el dia de Sant Jordi dins els actes organitzats aquest dia a l&#8217;Espluga Calba, en els quals l&#8217;AMPA ha col\u00b7laborat.<\/p>\n<p>Moltes gr\u00e0cies; els nens i nenes afortunats van estar molt contents!!!!<\/p>\n<p>Si voleu veure fotos sobre aquest dia cliqueu <a href=\"https:\/\/photos.app.goo.gl\/n1KHyZGGeg1CQDEk6\">AQU\u00cd<\/a>.<\/p>\n<p style=\"text-align: center;\"><a href=\"https:\/\/agora.xtec.cat\/zehttps:\/\/photos.app.goo.gl\/n1KHyZGGeg1CQDEk6r-pedrera\/wp-content\/uploads\/usu1473\/2022\/04\/0c4d38cc0cd67032f5833bbad765e906.jpg\"><img loading=\"lazy\" decoding=\"async\" class=\"alignnone size-full wp-image-5696\" src=\"https:\/\/agora.xtec.cat\/zer-pedrera\/wp-content\/uploads\/usu1473\/2022\/04\/0c4d38cc0cd67032f5833bbad765e906.jpg\" alt=\"\" width=\"540\" height=\"381\" srcset=\"https:\/\/agora.xtec.cat\/zer-pedrera\/wp-content\/uploads\/usu1473\/2022\/04\/0c4d38cc0cd67032f5833bbad765e906.jpg 540w, https:\/\/agora.xtec.cat\/zer-pedrera\/wp-content\/uploads\/usu1473\/2022\/04\/0c4d38cc0cd67032f5833bbad765e906-300x212.jpg 300w\" sizes=\"auto, (max-width: 540px) 100vw, 540px\" \/><\/a><\/p>\n<p>&nbsp;<\/p>\n","protected":false},"excerpt":{"rendered":"<p>Aquest any, el dia de Sant Jordi ha caigut en dissabte i aix\u00f2 ha fet que, durant les setmanes anterior i posterior a aquest dia, a l&#8217;escola hem anat realitzant activitats relacionades amb la diada.<br \/>\nAlgunes de les activitats que hem dut a terme han estat:&hellip;  <a href=\"https:\/\/agora.xtec.cat\/zer-pedrera\/general\/sant-jordi-a-lescola-porcel-de-cervera-2\/\" title=\"Read Sant Jordi a l&#8217;escola Porcel de Cervera.\">Llegeix m\u00e9s\u00bb<\/a><\/p>\n","protected":false},"author":1,"featured_media":5696,"comment_status":"open","ping_status":"closed","sticky":false,"template":"","format":"standard","meta":{"_bbp_topic_count":0,"_bbp_reply_count":0,"_bbp_total_topic_count":0,"_bbp_total_reply_count":0,"_bbp_voice_count":0,"_bbp_anonymous_reply_count":0,"_bbp_topic_count_hidden":0,"_bbp_reply_count_hidden":0,"_bbp_forum_subforum_count":0,"footnotes":""},"categories":[113,111,1,29,89],"tags":[],"class_list":["post-5692","post","type-post","status-publish","format-standard","has-post-thumbnail","hentry","category-e-infantil","category-escola-porcel-de-cervera","category-general","category-portada","category-primaria"],"post_mailing_queue_ids":[],"_links":{"self":[{"href":"https:\/\/agora.xtec.cat\/zer-pedrera\/wp-json\/wp\/v2\/posts\/5692","targetHints":{"allow":["GET"]}}],"collection":[{"href":"https:\/\/agora.xtec.cat\/zer-pedrera\/wp-json\/wp\/v2\/posts"}],"about":[{"href":"https:\/\/agora.xtec.cat\/zer-pedrera\/wp-json\/wp\/v2\/types\/post"}],"author":[{"embeddable":true,"href":"https:\/\/agora.xtec.cat\/zer-pedrera\/wp-json\/wp\/v2\/users\/1"}],"replies":[{"embeddable":true,"href":"https:\/\/agora.xtec.cat\/zer-pedrera\/wp-json\/wp\/v2\/comments?post=5692"}],"version-history":[{"count":3,"href":"https:\/\/agora.xtec.cat\/zer-pedrera\/wp-json\/wp\/v2\/posts\/5692\/revisions"}],"predecessor-version":[{"id":5701,"href":"https:\/\/agora.xtec.cat\/zer-pedrera\/wp-json\/wp\/v2\/posts\/5692\/revisions\/5701"}],"wp:featuredmedia":[{"embeddable":true,"href":"https:\/\/agora.xtec.cat\/zer-pedrera\/wp-json\/wp\/v2\/media\/5696"}],"wp:attachment":[{"href":"https:\/\/agora.xtec.cat\/zer-pedrera\/wp-json\/wp\/v2\/media?parent=5692"}],"wp:term":[{"taxonomy":"category","embeddable":true,"href":"https:\/\/agora.xtec.cat\/zer-pedrera\/wp-json\/wp\/v2\/categories?post=5692"},{"taxonomy":"post_tag","embeddable":true,"href":"https:\/\/agora.xtec.cat\/zer-pedrera\/wp-json\/wp\/v2\/tags?post=5692"}],"curies":[{"name":"wp","href":"https:\/\/api.w.org\/{rel}","templated":true}]}}