{"id":5635,"date":"2022-04-08T19:55:23","date_gmt":"2022-04-08T17:55:23","guid":{"rendered":"https:\/\/agora.xtec.cat\/zer-pedrera\/?p=5635"},"modified":"2022-04-08T19:56:58","modified_gmt":"2022-04-08T17:56:58","slug":"escola-abat-ruera-celebracio-de-la-mona","status":"publish","type":"post","link":"https:\/\/agora.xtec.cat\/zer-pedrera\/general\/escola-abat-ruera-celebracio-de-la-mona\/","title":{"rendered":"Escola Abat Ruera. Celebraci\u00f3 de la Mona"},"content":{"rendered":"<p>Per fi enguany hem pogut tornar a ser cuiners i cuineres per un dia i els alumnes han fet la seva mona. L&#8217;han guarnit amb lacasitos, ous de Pasqua i amb plomes. Tot aix\u00f2 despr\u00e9s de ficar la melmelada de pr\u00e9ssec i la xocolata desfeta. Quina gana ens ha entrat a tots i a totes!!! Despr\u00e9s a la tarda ens ha tocat el moment de menjar-la. La veritat \u00e9s que estava bon\u00edssima!!!. Per veure m\u00e9s fotografies clicar damunt de la imatge.<\/p>\n<div><\/div>\n<div style=\"text-align: center;\"><a href=\"https:\/\/photos.app.goo.gl\/kjcrw9jn4w2s4ipB9\" target=\"_blank\" rel=\"noopener\"><img loading=\"lazy\" decoding=\"async\" class=\"alignnone wp-image-5636\" src=\"https:\/\/agora.xtec.cat\/zer-pedrera\/wp-content\/uploads\/usu1473\/2022\/04\/1649437709567.jpg\" alt=\"\" width=\"361\" height=\"322\" srcset=\"https:\/\/agora.xtec.cat\/zer-pedrera\/wp-content\/uploads\/usu1473\/2022\/04\/1649437709567.jpg 542w, https:\/\/agora.xtec.cat\/zer-pedrera\/wp-content\/uploads\/usu1473\/2022\/04\/1649437709567-300x267.jpg 300w\" sizes=\"auto, (max-width: 361px) 100vw, 361px\" \/><\/a><\/div>\n","protected":false},"excerpt":{"rendered":"<p>Per fi enguany hem pogut tornar a ser cuiners i cuineres per un dia i els alumnes han fet la seva mona. L&#8217;han guarnit amb lacasitos, ous de Pasqua i amb plomes. Tot aix\u00f2 despr\u00e9s de ficar la melmelada de pr\u00e9ssec i la xocolata desfeta.&hellip;  <a href=\"https:\/\/agora.xtec.cat\/zer-pedrera\/general\/escola-abat-ruera-celebracio-de-la-mona\/\" title=\"Read Escola Abat Ruera. Celebraci\u00f3 de la Mona\">Llegeix m\u00e9s\u00bb<\/a><\/p>\n","protected":false},"author":1,"featured_media":5636,"comment_status":"open","ping_status":"closed","sticky":false,"template":"","format":"standard","meta":{"_bbp_topic_count":0,"_bbp_reply_count":0,"_bbp_total_topic_count":0,"_bbp_total_reply_count":0,"_bbp_voice_count":0,"_bbp_anonymous_reply_count":0,"_bbp_topic_count_hidden":0,"_bbp_reply_count_hidden":0,"_bbp_forum_subforum_count":0,"footnotes":""},"categories":[110,1,29,89],"tags":[],"class_list":["post-5635","post","type-post","status-publish","format-standard","has-post-thumbnail","hentry","category-escola-abat-ruera","category-general","category-portada","category-primaria"],"post_mailing_queue_ids":[],"_links":{"self":[{"href":"https:\/\/agora.xtec.cat\/zer-pedrera\/wp-json\/wp\/v2\/posts\/5635","targetHints":{"allow":["GET"]}}],"collection":[{"href":"https:\/\/agora.xtec.cat\/zer-pedrera\/wp-json\/wp\/v2\/posts"}],"about":[{"href":"https:\/\/agora.xtec.cat\/zer-pedrera\/wp-json\/wp\/v2\/types\/post"}],"author":[{"embeddable":true,"href":"https:\/\/agora.xtec.cat\/zer-pedrera\/wp-json\/wp\/v2\/users\/1"}],"replies":[{"embeddable":true,"href":"https:\/\/agora.xtec.cat\/zer-pedrera\/wp-json\/wp\/v2\/comments?post=5635"}],"version-history":[{"count":3,"href":"https:\/\/agora.xtec.cat\/zer-pedrera\/wp-json\/wp\/v2\/posts\/5635\/revisions"}],"predecessor-version":[{"id":5639,"href":"https:\/\/agora.xtec.cat\/zer-pedrera\/wp-json\/wp\/v2\/posts\/5635\/revisions\/5639"}],"wp:featuredmedia":[{"embeddable":true,"href":"https:\/\/agora.xtec.cat\/zer-pedrera\/wp-json\/wp\/v2\/media\/5636"}],"wp:attachment":[{"href":"https:\/\/agora.xtec.cat\/zer-pedrera\/wp-json\/wp\/v2\/media?parent=5635"}],"wp:term":[{"taxonomy":"category","embeddable":true,"href":"https:\/\/agora.xtec.cat\/zer-pedrera\/wp-json\/wp\/v2\/categories?post=5635"},{"taxonomy":"post_tag","embeddable":true,"href":"https:\/\/agora.xtec.cat\/zer-pedrera\/wp-json\/wp\/v2\/tags?post=5635"}],"curies":[{"name":"wp","href":"https:\/\/api.w.org\/{rel}","templated":true}]}}