{"id":5630,"date":"2022-04-08T16:54:20","date_gmt":"2022-04-08T14:54:20","guid":{"rendered":"https:\/\/agora.xtec.cat\/zer-pedrera\/?p=5630"},"modified":"2022-04-08T17:14:49","modified_gmt":"2022-04-08T15:14:49","slug":"la-mona-a-lescola-porcel-de-cervera","status":"publish","type":"post","link":"https:\/\/agora.xtec.cat\/zer-pedrera\/general\/la-mona-a-lescola-porcel-de-cervera\/","title":{"rendered":"La Mona a l&#8217;Escola Porcel de Cervera."},"content":{"rendered":"<p style=\"text-align: right;\">Hola, fam\u00edlies!<\/p>\n<p>Les vacances ja arriben i com que el dia de la mona no hi serem a l\u2019escola, hem volgut preparar-la abans! Aix\u00ed \u00e9s que, ahir dijous vam anar a comprar els ingredients a la botiga del poble &#8220;cal Miquel&#8221; per poder fer avui la nostra mona de Pasqua!<\/p>\n<p>Al mat\u00ed hem preparat tota la mona amb els ingredients que els alumnes vol\u00edem i l&#8217;hem guardat a la nevera per poder menjar-la a la a tarda.\u00a0Ha sigut molt divertit i a m\u00e9s, ens han quedat genial!<\/p>\n<p>A la tarda, hem buscat els ous de pasqua pel pati de l&#8217;escola i despr\u00e9s ens hem menjat les mones que hav\u00edem fet al mat\u00ed. Per\u00f2 el millor de tot\u2026 \u00e9s que estaven bon\u00edssimes!<\/p>\n<p>Moltes gr\u00e0cies a l\u2019AMPA de l\u2019escola pel dol\u00e7 detall que han tingut amb alumnes i professors.<\/p>\n<p>Aqu\u00ed sota, podeu veure les fotos del proc\u00e9s clicant a la imatge.<\/p>\n<p><a href=\"https:\/\/photos.app.goo.gl\/AicmEGSNFYGDvDVs9\"><img loading=\"lazy\" decoding=\"async\" class=\"size-full wp-image-5631 aligncenter\" src=\"https:\/\/agora.xtec.cat\/zer-pedrera\/wp-content\/uploads\/usu1473\/2022\/04\/images.png\" alt=\"\" width=\"140\" height=\"140\" \/><\/a><\/p>\n","protected":false},"excerpt":{"rendered":"<p>Hola, fam\u00edlies!<br \/>\nLes vacances ja arriben i com que el dia de la mona no hi serem a l\u2019escola, hem volgut preparar-la abans! Aix\u00ed \u00e9s que, ahir dijous vam anar a comprar els ingredients a la botiga del poble &#8220;cal Miquel&#8221; per poder fer avui la&hellip;  <a href=\"https:\/\/agora.xtec.cat\/zer-pedrera\/general\/la-mona-a-lescola-porcel-de-cervera\/\" title=\"Read La Mona a l&#8217;Escola Porcel de Cervera.\">Llegeix m\u00e9s\u00bb<\/a><\/p>\n","protected":false},"author":1,"featured_media":5632,"comment_status":"open","ping_status":"closed","sticky":false,"template":"","format":"standard","meta":{"_bbp_topic_count":0,"_bbp_reply_count":0,"_bbp_total_topic_count":0,"_bbp_total_reply_count":0,"_bbp_voice_count":0,"_bbp_anonymous_reply_count":0,"_bbp_topic_count_hidden":0,"_bbp_reply_count_hidden":0,"_bbp_forum_subforum_count":0,"footnotes":""},"categories":[113,111,1,29,89],"tags":[],"class_list":["post-5630","post","type-post","status-publish","format-standard","has-post-thumbnail","hentry","category-e-infantil","category-escola-porcel-de-cervera","category-general","category-portada","category-primaria"],"post_mailing_queue_ids":[],"_links":{"self":[{"href":"https:\/\/agora.xtec.cat\/zer-pedrera\/wp-json\/wp\/v2\/posts\/5630","targetHints":{"allow":["GET"]}}],"collection":[{"href":"https:\/\/agora.xtec.cat\/zer-pedrera\/wp-json\/wp\/v2\/posts"}],"about":[{"href":"https:\/\/agora.xtec.cat\/zer-pedrera\/wp-json\/wp\/v2\/types\/post"}],"author":[{"embeddable":true,"href":"https:\/\/agora.xtec.cat\/zer-pedrera\/wp-json\/wp\/v2\/users\/1"}],"replies":[{"embeddable":true,"href":"https:\/\/agora.xtec.cat\/zer-pedrera\/wp-json\/wp\/v2\/comments?post=5630"}],"version-history":[{"count":2,"href":"https:\/\/agora.xtec.cat\/zer-pedrera\/wp-json\/wp\/v2\/posts\/5630\/revisions"}],"predecessor-version":[{"id":5634,"href":"https:\/\/agora.xtec.cat\/zer-pedrera\/wp-json\/wp\/v2\/posts\/5630\/revisions\/5634"}],"wp:featuredmedia":[{"embeddable":true,"href":"https:\/\/agora.xtec.cat\/zer-pedrera\/wp-json\/wp\/v2\/media\/5632"}],"wp:attachment":[{"href":"https:\/\/agora.xtec.cat\/zer-pedrera\/wp-json\/wp\/v2\/media?parent=5630"}],"wp:term":[{"taxonomy":"category","embeddable":true,"href":"https:\/\/agora.xtec.cat\/zer-pedrera\/wp-json\/wp\/v2\/categories?post=5630"},{"taxonomy":"post_tag","embeddable":true,"href":"https:\/\/agora.xtec.cat\/zer-pedrera\/wp-json\/wp\/v2\/tags?post=5630"}],"curies":[{"name":"wp","href":"https:\/\/api.w.org\/{rel}","templated":true}]}}