{"id":5609,"date":"2022-04-09T15:44:09","date_gmt":"2022-04-09T13:44:09","guid":{"rendered":"https:\/\/agora.xtec.cat\/zer-pedrera\/?p=5609"},"modified":"2022-04-09T15:44:09","modified_gmt":"2022-04-09T13:44:09","slug":"llum-i-foscor-a-la-classe-dels-petits-porcel-de-cervera","status":"publish","type":"post","link":"https:\/\/agora.xtec.cat\/zer-pedrera\/general\/llum-i-foscor-a-la-classe-dels-petits-porcel-de-cervera\/","title":{"rendered":"Llum i foscor a la classe dels petits. Porcel de Cervera."},"content":{"rendered":"<p>La setmana passada vam experimentar amb la llum en la foscor. Dins l&#8217;aula vam preparar tres racons, i els nens i nenes van anar passant per cadascun d&#8217;ells. El primer, era una taula de llum on, amb peces geom\u00e8triques transl\u00facides, havien de fer un dibuix; el segon era el taller de cine, en el qual anaven passant una pel\u00b7l\u00edcula amb el &#8220;Cinexin&#8221;; i el tercer consistia en llegir un conte en el qual part del text estava amagat i l&#8217;havien de descobrir amb l&#8217;ajuda d&#8217;unes llanternes. Els va agradar molt que, per un dia, la nostra classe estigu\u00e9s a les fosques!!!!<\/p>\n<p>Tamb\u00e9 dins el treball del sentit de la vista, vam dedicar una altra sessi\u00f3 a fer jocs ens els quals la visi\u00f3 o la no visi\u00f3 eren necessaris. En el primer, per parelles, l&#8217;un havia de fer de gos pigall de l&#8217;altre i guiar-lo per la classe i continuar fins al pati. En el segon, es tractava d&#8217;endevinar objectes del pati a partir de petites pistes, el conegut &#8220;veig, veig&#8221;.<\/p>\n<p>Finalment, vam conversar sobre la necessitat de tots els sentits i de que si un d&#8217;ells no funciona,\u00a0 de quina manera les persones s&#8217;han adaptat a aquesta mancan\u00e7a. En el cas de la manca de vista, hem parlat dels sistema d&#8217;escriptura &#8220;Braille&#8221;, l&#8217;hem observat i hem fet el nostre nom amb els puntets d&#8217;aquest alfabet.<\/p>\n<p>Ah!!!! Fins i tot ens vam fer unes ulleres 3D.<\/p>\n<p>Ara ja nom\u00e9s ens falta el sentit del gust; ja us explicarem com l&#8217;hem treballat!!!!<\/p>\n<p>Podeu veure&#8217;n les imatges clicat <a href=\"https:\/\/photos.app.goo.gl\/kSaXcoSAYEh79TSE7\">AQU\u00cd<\/a>.<\/p>\n<p style=\"text-align: center;\"><a href=\"https:\/\/agora.xtec.cat\/zer-pedrera\/wp-content\/uploads\/usu1473\/2022\/04\/1.jpg\"><img loading=\"lazy\" decoding=\"async\" class=\"alignnone size-full wp-image-5619\" src=\"https:\/\/agora.xtec.cat\/zer-pedrera\/wp-content\/uploads\/usu1473\/2022\/04\/1.jpg\" alt=\"\" width=\"613\" height=\"427\" srcset=\"https:\/\/agora.xtec.cat\/zer-pedrera\/wp-content\/uploads\/usu1473\/2022\/04\/1.jpg 613w, https:\/\/agora.xtec.cat\/zer-pedrera\/wp-content\/uploads\/usu1473\/2022\/04\/1-300x209.jpg 300w\" sizes=\"auto, (max-width: 613px) 100vw, 613px\" \/><\/a><\/p>\n","protected":false},"excerpt":{"rendered":"<p>La setmana passada vam experimentar amb la llum en la foscor. Dins l&#8217;aula vam preparar tres racons, i els nens i nenes van anar passant per cadascun d&#8217;ells. El primer, era una taula de llum on, amb peces geom\u00e8triques transl\u00facides, havien de fer un dibuix;&hellip;  <a href=\"https:\/\/agora.xtec.cat\/zer-pedrera\/general\/llum-i-foscor-a-la-classe-dels-petits-porcel-de-cervera\/\" title=\"Read Llum i foscor a la classe dels petits. Porcel de Cervera.\">Llegeix m\u00e9s\u00bb<\/a><\/p>\n","protected":false},"author":1,"featured_media":5619,"comment_status":"open","ping_status":"closed","sticky":false,"template":"","format":"standard","meta":{"_bbp_topic_count":0,"_bbp_reply_count":0,"_bbp_total_topic_count":0,"_bbp_total_reply_count":0,"_bbp_voice_count":0,"_bbp_anonymous_reply_count":0,"_bbp_topic_count_hidden":0,"_bbp_reply_count_hidden":0,"_bbp_forum_subforum_count":0,"footnotes":""},"categories":[113,111,1,116,29,89],"tags":[],"class_list":["post-5609","post","type-post","status-publish","format-standard","has-post-thumbnail","hentry","category-e-infantil","category-escola-porcel-de-cervera","category-general","category-medi","category-portada","category-primaria"],"post_mailing_queue_ids":[],"_links":{"self":[{"href":"https:\/\/agora.xtec.cat\/zer-pedrera\/wp-json\/wp\/v2\/posts\/5609","targetHints":{"allow":["GET"]}}],"collection":[{"href":"https:\/\/agora.xtec.cat\/zer-pedrera\/wp-json\/wp\/v2\/posts"}],"about":[{"href":"https:\/\/agora.xtec.cat\/zer-pedrera\/wp-json\/wp\/v2\/types\/post"}],"author":[{"embeddable":true,"href":"https:\/\/agora.xtec.cat\/zer-pedrera\/wp-json\/wp\/v2\/users\/1"}],"replies":[{"embeddable":true,"href":"https:\/\/agora.xtec.cat\/zer-pedrera\/wp-json\/wp\/v2\/comments?post=5609"}],"version-history":[{"count":3,"href":"https:\/\/agora.xtec.cat\/zer-pedrera\/wp-json\/wp\/v2\/posts\/5609\/revisions"}],"predecessor-version":[{"id":5640,"href":"https:\/\/agora.xtec.cat\/zer-pedrera\/wp-json\/wp\/v2\/posts\/5609\/revisions\/5640"}],"wp:featuredmedia":[{"embeddable":true,"href":"https:\/\/agora.xtec.cat\/zer-pedrera\/wp-json\/wp\/v2\/media\/5619"}],"wp:attachment":[{"href":"https:\/\/agora.xtec.cat\/zer-pedrera\/wp-json\/wp\/v2\/media?parent=5609"}],"wp:term":[{"taxonomy":"category","embeddable":true,"href":"https:\/\/agora.xtec.cat\/zer-pedrera\/wp-json\/wp\/v2\/categories?post=5609"},{"taxonomy":"post_tag","embeddable":true,"href":"https:\/\/agora.xtec.cat\/zer-pedrera\/wp-json\/wp\/v2\/tags?post=5609"}],"curies":[{"name":"wp","href":"https:\/\/api.w.org\/{rel}","templated":true}]}}