{"id":5604,"date":"2022-04-07T17:35:35","date_gmt":"2022-04-07T15:35:35","guid":{"rendered":"https:\/\/agora.xtec.cat\/zer-pedrera\/?p=5604"},"modified":"2022-04-07T17:35:35","modified_gmt":"2022-04-07T15:35:35","slug":"en-dani-ha-fet-6-anys","status":"publish","type":"post","link":"https:\/\/agora.xtec.cat\/zer-pedrera\/escola-porcel-de-cervera\/en-dani-ha-fet-6-anys\/","title":{"rendered":"En Dani ha fet 6 anys!!!!"},"content":{"rendered":"<p>Ahir va ser l&#8217;aniversari d&#8217;en Dani de la classe dels petits. Feia dies que anava comptant els dies que faltaven per al seu aniversari, i per fi va arribar els gran dia. Estava s\u00faper content i nosaltres amb ell.<\/p>\n<p>Per a compartir amb els seus companys i companyes el seu aniversari, els va portar un detall . Tamb\u00e9 ens va portar un conte i un joc de cartes per a l&#8217;escola. Moltes gr\u00e0cies Dani i fam\u00edlia!!!!<\/p>\n<p>Per molts anys!!!!<\/p>\n<p style=\"text-align: center;\"><a href=\"https:\/\/agora.xtec.cat\/zer-pedrera\/wp-content\/uploads\/usu1473\/2022\/04\/20220407_172420.jpg\"><img loading=\"lazy\" decoding=\"async\" class=\"alignnone size-full wp-image-5606\" src=\"https:\/\/agora.xtec.cat\/zer-pedrera\/wp-content\/uploads\/usu1473\/2022\/04\/20220407_172420.jpg\" alt=\"\" width=\"360\" height=\"360\" srcset=\"https:\/\/agora.xtec.cat\/zer-pedrera\/wp-content\/uploads\/usu1473\/2022\/04\/20220407_172420.jpg 360w, https:\/\/agora.xtec.cat\/zer-pedrera\/wp-content\/uploads\/usu1473\/2022\/04\/20220407_172420-300x300.jpg 300w, https:\/\/agora.xtec.cat\/zer-pedrera\/wp-content\/uploads\/usu1473\/2022\/04\/20220407_172420-150x150.jpg 150w\" sizes=\"auto, (max-width: 360px) 100vw, 360px\" \/><\/a><\/p>\n","protected":false},"excerpt":{"rendered":"<p>Ahir va ser l&#8217;aniversari d&#8217;en Dani de la classe dels petits. Feia dies que anava comptant els dies que faltaven per al seu aniversari, i per fi va arribar els gran dia. Estava s\u00faper content i nosaltres amb ell.<br \/>\nPer a compartir amb els seus companys&hellip;  <a href=\"https:\/\/agora.xtec.cat\/zer-pedrera\/escola-porcel-de-cervera\/en-dani-ha-fet-6-anys\/\" title=\"Read En Dani ha fet 6 anys!!!!\">Llegeix m\u00e9s\u00bb<\/a><\/p>\n","protected":false},"author":1,"featured_media":5606,"comment_status":"open","ping_status":"closed","sticky":false,"template":"","format":"standard","meta":{"_bbp_topic_count":0,"_bbp_reply_count":0,"_bbp_total_topic_count":0,"_bbp_total_reply_count":0,"_bbp_voice_count":0,"_bbp_anonymous_reply_count":0,"_bbp_topic_count_hidden":0,"_bbp_reply_count_hidden":0,"_bbp_forum_subforum_count":0,"footnotes":""},"categories":[146,113,111],"tags":[],"class_list":["post-5604","post","type-post","status-publish","format-standard","has-post-thumbnail","hentry","category-aniversaris","category-e-infantil","category-escola-porcel-de-cervera"],"post_mailing_queue_ids":[],"_links":{"self":[{"href":"https:\/\/agora.xtec.cat\/zer-pedrera\/wp-json\/wp\/v2\/posts\/5604","targetHints":{"allow":["GET"]}}],"collection":[{"href":"https:\/\/agora.xtec.cat\/zer-pedrera\/wp-json\/wp\/v2\/posts"}],"about":[{"href":"https:\/\/agora.xtec.cat\/zer-pedrera\/wp-json\/wp\/v2\/types\/post"}],"author":[{"embeddable":true,"href":"https:\/\/agora.xtec.cat\/zer-pedrera\/wp-json\/wp\/v2\/users\/1"}],"replies":[{"embeddable":true,"href":"https:\/\/agora.xtec.cat\/zer-pedrera\/wp-json\/wp\/v2\/comments?post=5604"}],"version-history":[{"count":1,"href":"https:\/\/agora.xtec.cat\/zer-pedrera\/wp-json\/wp\/v2\/posts\/5604\/revisions"}],"predecessor-version":[{"id":5607,"href":"https:\/\/agora.xtec.cat\/zer-pedrera\/wp-json\/wp\/v2\/posts\/5604\/revisions\/5607"}],"wp:featuredmedia":[{"embeddable":true,"href":"https:\/\/agora.xtec.cat\/zer-pedrera\/wp-json\/wp\/v2\/media\/5606"}],"wp:attachment":[{"href":"https:\/\/agora.xtec.cat\/zer-pedrera\/wp-json\/wp\/v2\/media?parent=5604"}],"wp:term":[{"taxonomy":"category","embeddable":true,"href":"https:\/\/agora.xtec.cat\/zer-pedrera\/wp-json\/wp\/v2\/categories?post=5604"},{"taxonomy":"post_tag","embeddable":true,"href":"https:\/\/agora.xtec.cat\/zer-pedrera\/wp-json\/wp\/v2\/tags?post=5604"}],"curies":[{"name":"wp","href":"https:\/\/api.w.org\/{rel}","templated":true}]}}