{"id":5579,"date":"2022-04-03T12:27:00","date_gmt":"2022-04-03T10:27:00","guid":{"rendered":"https:\/\/agora.xtec.cat\/zer-pedrera\/?p=5579"},"modified":"2022-04-03T12:27:00","modified_gmt":"2022-04-03T10:27:00","slug":"ei-i-ci-de-lescola-abat-ruera-cos-i-postura-corporal","status":"publish","type":"post","link":"https:\/\/agora.xtec.cat\/zer-pedrera\/general\/ei-i-ci-de-lescola-abat-ruera-cos-i-postura-corporal\/","title":{"rendered":"EI i CI de l&#8217;escola Abat Ruera. Cos i postura corporal"},"content":{"rendered":"<p>Els alumnes d&#8217;Educaci\u00f3 Infantil i Cicle Inicial de l&#8217;escola Abat Ruera estem estudiant el cos hum\u00e0. Per fer m\u00e9s vivencial els continguts treballats a l&#8217;aula hem demanat a la Laia Cabau que ens prepar\u00e9s un taller.<br \/>\nEl seu taller ha anat sobre el cos i la postura corporal. Les seves explicacions s&#8217;han adaptat molt b\u00e9 a tots els alumnes, des dels m\u00e9s petits de l&#8217;escola fins als alumnes de 2n. Hem apr\u00e8s moltes coses i incl\u00fas una nova can\u00e7\u00f3 que ens explica com ens d&#8217;asseure correctament a la cadira.<br \/>\nMoltes gr\u00e0cies Laia per la teva col\u00b7laboraci\u00f3. Estem molt contents\/es que hagis fet aquest taller!!!<br \/>\nPer veure m\u00e9s fotografies clicar damunt de la imatge.<\/p>\n<p style=\"text-align: center;\"><a href=\"https:\/\/photos.app.goo.gl\/tZVACUEqwEpZ9BU87\" target=\"_blank\" rel=\"noopener\"><img loading=\"lazy\" decoding=\"async\" class=\"alignnone size-full wp-image-5580\" src=\"https:\/\/agora.xtec.cat\/zer-pedrera\/wp-content\/uploads\/usu1473\/2022\/04\/1648838431500.jpg\" alt=\"\" width=\"363\" height=\"720\" srcset=\"https:\/\/agora.xtec.cat\/zer-pedrera\/wp-content\/uploads\/usu1473\/2022\/04\/1648838431500.jpg 363w, https:\/\/agora.xtec.cat\/zer-pedrera\/wp-content\/uploads\/usu1473\/2022\/04\/1648838431500-151x300.jpg 151w\" sizes=\"auto, (max-width: 363px) 100vw, 363px\" \/><\/a><\/p>\n<p>&nbsp;<\/p>\n","protected":false},"excerpt":{"rendered":"<p>Els alumnes d&#8217;Educaci\u00f3 Infantil i Cicle Inicial de l&#8217;escola Abat Ruera estem estudiant el cos hum\u00e0. Per fer m\u00e9s vivencial els continguts treballats a l&#8217;aula hem demanat a la Laia Cabau que ens prepar\u00e9s un taller.<br \/>\nEl seu taller ha anat sobre el cos i la&hellip;  <a href=\"https:\/\/agora.xtec.cat\/zer-pedrera\/general\/ei-i-ci-de-lescola-abat-ruera-cos-i-postura-corporal\/\" title=\"Read EI i CI de l&#8217;escola Abat Ruera. Cos i postura corporal\">Llegeix m\u00e9s\u00bb<\/a><\/p>\n","protected":false},"author":1,"featured_media":5580,"comment_status":"open","ping_status":"closed","sticky":false,"template":"","format":"standard","meta":{"_bbp_topic_count":0,"_bbp_reply_count":0,"_bbp_total_topic_count":0,"_bbp_total_reply_count":0,"_bbp_voice_count":0,"_bbp_anonymous_reply_count":0,"_bbp_topic_count_hidden":0,"_bbp_reply_count_hidden":0,"_bbp_forum_subforum_count":0,"footnotes":""},"categories":[113,110,1,116,29,89],"tags":[],"class_list":["post-5579","post","type-post","status-publish","format-standard","has-post-thumbnail","hentry","category-e-infantil","category-escola-abat-ruera","category-general","category-medi","category-portada","category-primaria"],"post_mailing_queue_ids":[],"_links":{"self":[{"href":"https:\/\/agora.xtec.cat\/zer-pedrera\/wp-json\/wp\/v2\/posts\/5579","targetHints":{"allow":["GET"]}}],"collection":[{"href":"https:\/\/agora.xtec.cat\/zer-pedrera\/wp-json\/wp\/v2\/posts"}],"about":[{"href":"https:\/\/agora.xtec.cat\/zer-pedrera\/wp-json\/wp\/v2\/types\/post"}],"author":[{"embeddable":true,"href":"https:\/\/agora.xtec.cat\/zer-pedrera\/wp-json\/wp\/v2\/users\/1"}],"replies":[{"embeddable":true,"href":"https:\/\/agora.xtec.cat\/zer-pedrera\/wp-json\/wp\/v2\/comments?post=5579"}],"version-history":[{"count":1,"href":"https:\/\/agora.xtec.cat\/zer-pedrera\/wp-json\/wp\/v2\/posts\/5579\/revisions"}],"predecessor-version":[{"id":5581,"href":"https:\/\/agora.xtec.cat\/zer-pedrera\/wp-json\/wp\/v2\/posts\/5579\/revisions\/5581"}],"wp:featuredmedia":[{"embeddable":true,"href":"https:\/\/agora.xtec.cat\/zer-pedrera\/wp-json\/wp\/v2\/media\/5580"}],"wp:attachment":[{"href":"https:\/\/agora.xtec.cat\/zer-pedrera\/wp-json\/wp\/v2\/media?parent=5579"}],"wp:term":[{"taxonomy":"category","embeddable":true,"href":"https:\/\/agora.xtec.cat\/zer-pedrera\/wp-json\/wp\/v2\/categories?post=5579"},{"taxonomy":"post_tag","embeddable":true,"href":"https:\/\/agora.xtec.cat\/zer-pedrera\/wp-json\/wp\/v2\/tags?post=5579"}],"curies":[{"name":"wp","href":"https:\/\/api.w.org\/{rel}","templated":true}]}}