{"id":5567,"date":"2022-04-01T22:13:33","date_gmt":"2022-04-01T20:13:33","guid":{"rendered":"https:\/\/agora.xtec.cat\/zer-pedrera\/?p=5567"},"modified":"2022-04-01T22:13:58","modified_gmt":"2022-04-01T20:13:58","slug":"ei-i-ci-de-lescola-abat-ruera-la-gralla-i-la-dolcaina","status":"publish","type":"post","link":"https:\/\/agora.xtec.cat\/zer-pedrera\/general\/ei-i-ci-de-lescola-abat-ruera-la-gralla-i-la-dolcaina\/","title":{"rendered":"EI i CI de l&#8217;escola Abat Ruera. La gralla i la dol\u00e7aina"},"content":{"rendered":"<p>Tant a EI com a CI s&#8217;ha treballat des de l&#8217;\u00e0rea de M\u00fasica el toc de castells i les parts d&#8217;ell. S&#8217;ha explicat que est\u00e0 dividit en cinc parts i cada una d&#8217;elles est\u00e0 destinada a moviments que fan els castellers. Per treballar aquest concepte s&#8217;ha fet a partir de blocs i amb instruments de percussi\u00f3. Han descobert la gralla com a instrument important de la festa castellera. Tamb\u00e9 s&#8217;ha aprofitat per introduir la dol\u00e7aina com a instrument propi de la cultura catalana. Per veure m\u00e9s fotografies clicar damunt de la imatge.<\/p>\n<div><\/div>\n<div><a href=\"https:\/\/photos.app.goo.gl\/jRL8BrCUKYdKtaNu9\" target=\"_blank\" rel=\"noopener\"><img loading=\"lazy\" decoding=\"async\" class=\"size-full wp-image-5568 aligncenter\" src=\"https:\/\/agora.xtec.cat\/zer-pedrera\/wp-content\/uploads\/usu1473\/2022\/04\/grallers.jpg\" alt=\"\" width=\"360\" height=\"174\" srcset=\"https:\/\/agora.xtec.cat\/zer-pedrera\/wp-content\/uploads\/usu1473\/2022\/04\/grallers.jpg 360w, https:\/\/agora.xtec.cat\/zer-pedrera\/wp-content\/uploads\/usu1473\/2022\/04\/grallers-300x145.jpg 300w\" sizes=\"auto, (max-width: 360px) 100vw, 360px\" \/><\/a><\/div>\n","protected":false},"excerpt":{"rendered":"<p>Tant a EI com a CI s&#8217;ha treballat des de l&#8217;\u00e0rea de M\u00fasica el toc de castells i les parts d&#8217;ell. S&#8217;ha explicat que est\u00e0 dividit en cinc parts i cada una d&#8217;elles est\u00e0 destinada a moviments que fan els castellers. Per treballar aquest concepte&hellip;  <a href=\"https:\/\/agora.xtec.cat\/zer-pedrera\/general\/ei-i-ci-de-lescola-abat-ruera-la-gralla-i-la-dolcaina\/\" title=\"Read EI i CI de l&#8217;escola Abat Ruera. La gralla i la dol\u00e7aina\">Llegeix m\u00e9s\u00bb<\/a><\/p>\n","protected":false},"author":1,"featured_media":5568,"comment_status":"open","ping_status":"closed","sticky":false,"template":"","format":"standard","meta":{"_bbp_topic_count":0,"_bbp_reply_count":0,"_bbp_total_topic_count":0,"_bbp_total_reply_count":0,"_bbp_voice_count":0,"_bbp_anonymous_reply_count":0,"_bbp_topic_count_hidden":0,"_bbp_reply_count_hidden":0,"_bbp_forum_subforum_count":0,"footnotes":""},"categories":[113,110,1,117,29,89,120],"tags":[],"class_list":["post-5567","post","type-post","status-publish","format-standard","has-post-thumbnail","hentry","category-e-infantil","category-escola-abat-ruera","category-general","category-musica","category-portada","category-primaria","category-projectes"],"post_mailing_queue_ids":[],"_links":{"self":[{"href":"https:\/\/agora.xtec.cat\/zer-pedrera\/wp-json\/wp\/v2\/posts\/5567","targetHints":{"allow":["GET"]}}],"collection":[{"href":"https:\/\/agora.xtec.cat\/zer-pedrera\/wp-json\/wp\/v2\/posts"}],"about":[{"href":"https:\/\/agora.xtec.cat\/zer-pedrera\/wp-json\/wp\/v2\/types\/post"}],"author":[{"embeddable":true,"href":"https:\/\/agora.xtec.cat\/zer-pedrera\/wp-json\/wp\/v2\/users\/1"}],"replies":[{"embeddable":true,"href":"https:\/\/agora.xtec.cat\/zer-pedrera\/wp-json\/wp\/v2\/comments?post=5567"}],"version-history":[{"count":2,"href":"https:\/\/agora.xtec.cat\/zer-pedrera\/wp-json\/wp\/v2\/posts\/5567\/revisions"}],"predecessor-version":[{"id":5570,"href":"https:\/\/agora.xtec.cat\/zer-pedrera\/wp-json\/wp\/v2\/posts\/5567\/revisions\/5570"}],"wp:featuredmedia":[{"embeddable":true,"href":"https:\/\/agora.xtec.cat\/zer-pedrera\/wp-json\/wp\/v2\/media\/5568"}],"wp:attachment":[{"href":"https:\/\/agora.xtec.cat\/zer-pedrera\/wp-json\/wp\/v2\/media?parent=5567"}],"wp:term":[{"taxonomy":"category","embeddable":true,"href":"https:\/\/agora.xtec.cat\/zer-pedrera\/wp-json\/wp\/v2\/categories?post=5567"},{"taxonomy":"post_tag","embeddable":true,"href":"https:\/\/agora.xtec.cat\/zer-pedrera\/wp-json\/wp\/v2\/tags?post=5567"}],"curies":[{"name":"wp","href":"https:\/\/api.w.org\/{rel}","templated":true}]}}