{"id":5561,"date":"2022-04-01T21:53:48","date_gmt":"2022-04-01T19:53:48","guid":{"rendered":"https:\/\/agora.xtec.cat\/zer-pedrera\/?p=5561"},"modified":"2022-04-01T21:55:29","modified_gmt":"2022-04-01T19:55:29","slug":"ci-delescola-abat-ruera-pilarin-bayes","status":"publish","type":"post","link":"https:\/\/agora.xtec.cat\/zer-pedrera\/general\/ci-delescola-abat-ruera-pilarin-bayes\/","title":{"rendered":"CI del&#8217;escola Abat Ruera. Pilar\u00edn Bay\u00e9s"},"content":{"rendered":"<p>L\u2019escola Abat Ruera s\u2019endinsa en el m\u00f3n de la cultura amb el projecte \u201cLes dones catalanes\u201d. Cada cicle ha decidit treballar una o diverses dones catalanes que al llarg de la hist\u00f2ria o que en l\u2019actualitat han destacat en algun \u00e0mbit. CI ha decidit treballar Pilar\u00edn Bay\u00e9s perqu\u00e8 molts dels llibres que els alumnes llegeixen a l&#8217;aula estan il\u00b7lustrats per ella.\u00a0Una de les activitats que s&#8217;ha realitzat ha estat fer un dels seus personatges caracter\u00edstics a escala real. Els alumnes s&#8217;ho han passat d&#8217;all\u00f2 m\u00e9s b\u00e9.<\/p>\n<div>Per mirar m\u00e9s fotografies clicar damunt de la imatge.<\/div>\n<div><\/div>\n<div style=\"text-align: center;\"><a href=\"https:\/\/photos.app.goo.gl\/XZWfagHnSBLoAF4U6\" target=\"_blank\" rel=\"noopener\"><img loading=\"lazy\" decoding=\"async\" class=\"alignnone wp-image-5562\" src=\"https:\/\/agora.xtec.cat\/zer-pedrera\/wp-content\/uploads\/usu1473\/2022\/04\/1647603371865-1.jpg\" alt=\"\" width=\"333\" height=\"444\" srcset=\"https:\/\/agora.xtec.cat\/zer-pedrera\/wp-content\/uploads\/usu1473\/2022\/04\/1647603371865-1.jpg 443w, https:\/\/agora.xtec.cat\/zer-pedrera\/wp-content\/uploads\/usu1473\/2022\/04\/1647603371865-1-225x300.jpg 225w\" sizes=\"auto, (max-width: 333px) 100vw, 333px\" \/><\/a><\/div>\n<div style=\"text-align: center;\"><\/div>\n","protected":false},"excerpt":{"rendered":"<p>L\u2019escola Abat Ruera s\u2019endinsa en el m\u00f3n de la cultura amb el projecte \u201cLes dones catalanes\u201d. Cada cicle ha decidit treballar una o diverses dones catalanes que al llarg de la hist\u00f2ria o que en l\u2019actualitat han destacat en algun \u00e0mbit. CI ha decidit treballar&hellip;  <a href=\"https:\/\/agora.xtec.cat\/zer-pedrera\/general\/ci-delescola-abat-ruera-pilarin-bayes\/\" title=\"Read CI del&#8217;escola Abat Ruera. Pilar\u00edn Bay\u00e9s\">Llegeix m\u00e9s\u00bb<\/a><\/p>\n","protected":false},"author":1,"featured_media":5562,"comment_status":"open","ping_status":"closed","sticky":false,"template":"","format":"standard","meta":{"_bbp_topic_count":0,"_bbp_reply_count":0,"_bbp_total_topic_count":0,"_bbp_total_reply_count":0,"_bbp_voice_count":0,"_bbp_anonymous_reply_count":0,"_bbp_topic_count_hidden":0,"_bbp_reply_count_hidden":0,"_bbp_forum_subforum_count":0,"footnotes":""},"categories":[110,1,29,89,120],"tags":[],"class_list":["post-5561","post","type-post","status-publish","format-standard","has-post-thumbnail","hentry","category-escola-abat-ruera","category-general","category-portada","category-primaria","category-projectes"],"post_mailing_queue_ids":[],"_links":{"self":[{"href":"https:\/\/agora.xtec.cat\/zer-pedrera\/wp-json\/wp\/v2\/posts\/5561","targetHints":{"allow":["GET"]}}],"collection":[{"href":"https:\/\/agora.xtec.cat\/zer-pedrera\/wp-json\/wp\/v2\/posts"}],"about":[{"href":"https:\/\/agora.xtec.cat\/zer-pedrera\/wp-json\/wp\/v2\/types\/post"}],"author":[{"embeddable":true,"href":"https:\/\/agora.xtec.cat\/zer-pedrera\/wp-json\/wp\/v2\/users\/1"}],"replies":[{"embeddable":true,"href":"https:\/\/agora.xtec.cat\/zer-pedrera\/wp-json\/wp\/v2\/comments?post=5561"}],"version-history":[{"count":3,"href":"https:\/\/agora.xtec.cat\/zer-pedrera\/wp-json\/wp\/v2\/posts\/5561\/revisions"}],"predecessor-version":[{"id":5566,"href":"https:\/\/agora.xtec.cat\/zer-pedrera\/wp-json\/wp\/v2\/posts\/5561\/revisions\/5566"}],"wp:featuredmedia":[{"embeddable":true,"href":"https:\/\/agora.xtec.cat\/zer-pedrera\/wp-json\/wp\/v2\/media\/5562"}],"wp:attachment":[{"href":"https:\/\/agora.xtec.cat\/zer-pedrera\/wp-json\/wp\/v2\/media?parent=5561"}],"wp:term":[{"taxonomy":"category","embeddable":true,"href":"https:\/\/agora.xtec.cat\/zer-pedrera\/wp-json\/wp\/v2\/categories?post=5561"},{"taxonomy":"post_tag","embeddable":true,"href":"https:\/\/agora.xtec.cat\/zer-pedrera\/wp-json\/wp\/v2\/tags?post=5561"}],"curies":[{"name":"wp","href":"https:\/\/api.w.org\/{rel}","templated":true}]}}