{"id":5524,"date":"2022-03-26T15:21:24","date_gmt":"2022-03-26T14:21:24","guid":{"rendered":"https:\/\/agora.xtec.cat\/zer-pedrera\/?p=5524"},"modified":"2022-03-26T15:21:24","modified_gmt":"2022-03-26T14:21:24","slug":"ens-visiten-els-mossos-ei-i-ci-porcel-de-cervera","status":"publish","type":"post","link":"https:\/\/agora.xtec.cat\/zer-pedrera\/portada\/ens-visiten-els-mossos-ei-i-ci-porcel-de-cervera\/","title":{"rendered":"Ens visiten els mossos. EI i CI porcel de Cervera."},"content":{"rendered":"<p>Aquest dimecres ens ha visitat en Jaume, un mosso d&#8217;esquadra de la comisaria de Les Borges Blanques. Durant la visita ens ha explicat un conte anomenat &#8221; La cibercaputxeta&#8221; en el qual una nena, la cibercaputxeta, descobria els perills de parlar amb un desconegut, el llop,\u00a0 a trav\u00e9s de les xarxes socials. EnJaume ens ho ha explicat d&#8217;una manera molt entenedora i hem estat molt atents i atentes a les seves explicacions.<\/p>\n<p>Moltes gr\u00e0cies Jaume i als Mossos d&#8217;Esquadra pel seu comprom\u00eds en la formaci\u00f3 dels nostres infants!!!!<\/p>\n<p>Per veure&#8217;n les imatges cliqueu damunt de la imatge.<\/p>\n<p style=\"text-align: center;\"><a href=\"https:\/\/photos.app.goo.gl\/pgEFGzYHu9mfL2yWA\"><img loading=\"lazy\" decoding=\"async\" class=\"alignnone size-full wp-image-5528\" src=\"https:\/\/agora.xtec.cat\/zer-pedrera\/wp-content\/uploads\/usu1473\/2022\/03\/1-2.jpg\" alt=\"\" width=\"400\" height=\"300\" srcset=\"https:\/\/agora.xtec.cat\/zer-pedrera\/wp-content\/uploads\/usu1473\/2022\/03\/1-2.jpg 400w, https:\/\/agora.xtec.cat\/zer-pedrera\/wp-content\/uploads\/usu1473\/2022\/03\/1-2-300x225.jpg 300w, https:\/\/agora.xtec.cat\/zer-pedrera\/wp-content\/uploads\/usu1473\/2022\/03\/1-2-200x150.jpg 200w\" sizes=\"auto, (max-width: 400px) 100vw, 400px\" \/><\/a><\/p>\n<p>&nbsp;<\/p>\n","protected":false},"excerpt":{"rendered":"<p>Aquest dimecres ens ha visitat en Jaume, un mosso d&#8217;esquadra de la comisaria de Les Borges Blanques. Durant la visita ens ha explicat un conte anomenat &#8221; La cibercaputxeta&#8221; en el qual una nena, la cibercaputxeta, descobria els perills de parlar amb un desconegut, el&hellip;  <a href=\"https:\/\/agora.xtec.cat\/zer-pedrera\/portada\/ens-visiten-els-mossos-ei-i-ci-porcel-de-cervera\/\" title=\"Read Ens visiten els mossos. EI i CI porcel de Cervera.\">Llegeix m\u00e9s\u00bb<\/a><\/p>\n","protected":false},"author":1,"featured_media":5528,"comment_status":"open","ping_status":"closed","sticky":false,"template":"","format":"standard","meta":{"_bbp_topic_count":0,"_bbp_reply_count":0,"_bbp_total_topic_count":0,"_bbp_total_reply_count":0,"_bbp_voice_count":0,"_bbp_anonymous_reply_count":0,"_bbp_topic_count_hidden":0,"_bbp_reply_count_hidden":0,"_bbp_forum_subforum_count":0,"footnotes":""},"categories":[113,111,29,89],"tags":[],"class_list":["post-5524","post","type-post","status-publish","format-standard","has-post-thumbnail","hentry","category-e-infantil","category-escola-porcel-de-cervera","category-portada","category-primaria"],"post_mailing_queue_ids":[],"_links":{"self":[{"href":"https:\/\/agora.xtec.cat\/zer-pedrera\/wp-json\/wp\/v2\/posts\/5524","targetHints":{"allow":["GET"]}}],"collection":[{"href":"https:\/\/agora.xtec.cat\/zer-pedrera\/wp-json\/wp\/v2\/posts"}],"about":[{"href":"https:\/\/agora.xtec.cat\/zer-pedrera\/wp-json\/wp\/v2\/types\/post"}],"author":[{"embeddable":true,"href":"https:\/\/agora.xtec.cat\/zer-pedrera\/wp-json\/wp\/v2\/users\/1"}],"replies":[{"embeddable":true,"href":"https:\/\/agora.xtec.cat\/zer-pedrera\/wp-json\/wp\/v2\/comments?post=5524"}],"version-history":[{"count":2,"href":"https:\/\/agora.xtec.cat\/zer-pedrera\/wp-json\/wp\/v2\/posts\/5524\/revisions"}],"predecessor-version":[{"id":5535,"href":"https:\/\/agora.xtec.cat\/zer-pedrera\/wp-json\/wp\/v2\/posts\/5524\/revisions\/5535"}],"wp:featuredmedia":[{"embeddable":true,"href":"https:\/\/agora.xtec.cat\/zer-pedrera\/wp-json\/wp\/v2\/media\/5528"}],"wp:attachment":[{"href":"https:\/\/agora.xtec.cat\/zer-pedrera\/wp-json\/wp\/v2\/media?parent=5524"}],"wp:term":[{"taxonomy":"category","embeddable":true,"href":"https:\/\/agora.xtec.cat\/zer-pedrera\/wp-json\/wp\/v2\/categories?post=5524"},{"taxonomy":"post_tag","embeddable":true,"href":"https:\/\/agora.xtec.cat\/zer-pedrera\/wp-json\/wp\/v2\/tags?post=5524"}],"curies":[{"name":"wp","href":"https:\/\/api.w.org\/{rel}","templated":true}]}}