{"id":5521,"date":"2022-03-26T15:25:57","date_gmt":"2022-03-26T14:25:57","guid":{"rendered":"https:\/\/agora.xtec.cat\/zer-pedrera\/?p=5521"},"modified":"2022-03-26T15:34:08","modified_gmt":"2022-03-26T14:34:08","slug":"__trashed","status":"publish","type":"post","link":"https:\/\/agora.xtec.cat\/zer-pedrera\/portada\/__trashed\/","title":{"rendered":"Continuem amb els sentits. EI i CI de l&#8217;escola Porcel de Cervera."},"content":{"rendered":"<p>Aquestes darreres setmanes, hem continuat treballant els sentits de manera experimental. El primer que vam treballar va ser el sentit de l&#8217;o\u00efda, i ho vam fer amb un bingo de sons en el qual hav\u00edem d&#8217;escoltar i marcar en el cartronet, qui o qu\u00e8 produia el so. Despr\u00e9s vam confeccionar un tel\u00e8fon amb dos gots, que vam decorar previament amb gomets, i vam comprovar com funcionava i com no.<\/p>\n<p>Aquesta setmana el sentit que hem tractat ha estat el de l&#8217;olfacte, per a fer-ho, hem realitzat dos tallers.<\/p>\n<p>En el primer hem olorat diferents aliments i productes amb els ulls tapats, i hav\u00edem d&#8217;endevinar de qu\u00e8 es tractava, alguns eren agradables i altres desagradables i aix\u00f2 es reflectia en les cares dels nens i nenes.<\/p>\n<p>En el segon, ens hem convertit en una mena de perfumistes, i hav\u00edem d&#8217;aparellar les olors de diferents perfums que hi havia en uns potets, ha estat complicat, per\u00f2 tots hem aconseguit de trobar parelles i ens ho hem passat d&#8217;all\u00f2 m\u00e9s b\u00e9.<\/p>\n<p>Si en voleu veure unes imatges cliqueu <a href=\"https:\/\/photos.app.goo.gl\/tL82oYNVBwXbaa3D9\">AQU\u00cd<\/a>.<\/p>\n<p><a href=\"https:\/\/agora.xtec.cat\/zer-pedrera\/wp-content\/uploads\/usu1473\/2022\/03\/PORTADA.jpg\"><img loading=\"lazy\" decoding=\"async\" class=\" wp-image-5522 aligncenter\" src=\"https:\/\/agora.xtec.cat\/zer-pedrera\/wp-content\/uploads\/usu1473\/2022\/03\/PORTADA.jpg\" alt=\"\" width=\"380\" height=\"285\" srcset=\"https:\/\/agora.xtec.cat\/zer-pedrera\/wp-content\/uploads\/usu1473\/2022\/03\/PORTADA.jpg 591w, https:\/\/agora.xtec.cat\/zer-pedrera\/wp-content\/uploads\/usu1473\/2022\/03\/PORTADA-300x225.jpg 300w, https:\/\/agora.xtec.cat\/zer-pedrera\/wp-content\/uploads\/usu1473\/2022\/03\/PORTADA-200x150.jpg 200w\" sizes=\"auto, (max-width: 380px) 100vw, 380px\" \/><\/a><\/p>\n","protected":false},"excerpt":{"rendered":"<p>Aquestes darreres setmanes, hem continuat treballant els sentits de manera experimental. El primer que vam treballar va ser el sentit de l&#8217;o\u00efda, i ho vam fer amb un bingo de sons en el qual hav\u00edem d&#8217;escoltar i marcar en el cartronet, qui o qu\u00e8 produia&hellip;  <a href=\"https:\/\/agora.xtec.cat\/zer-pedrera\/portada\/__trashed\/\" title=\"Read Continuem amb els sentits. EI i CI de l&#8217;escola Porcel de Cervera.\">Llegeix m\u00e9s\u00bb<\/a><\/p>\n","protected":false},"author":1,"featured_media":5522,"comment_status":"open","ping_status":"closed","sticky":false,"template":"","format":"standard","meta":{"_bbp_topic_count":0,"_bbp_reply_count":0,"_bbp_total_topic_count":0,"_bbp_total_reply_count":0,"_bbp_voice_count":0,"_bbp_anonymous_reply_count":0,"_bbp_topic_count_hidden":0,"_bbp_reply_count_hidden":0,"_bbp_forum_subforum_count":0,"footnotes":""},"categories":[113,111,29,89],"tags":[],"class_list":["post-5521","post","type-post","status-publish","format-standard","has-post-thumbnail","hentry","category-e-infantil","category-escola-porcel-de-cervera","category-portada","category-primaria"],"post_mailing_queue_ids":[],"_links":{"self":[{"href":"https:\/\/agora.xtec.cat\/zer-pedrera\/wp-json\/wp\/v2\/posts\/5521","targetHints":{"allow":["GET"]}}],"collection":[{"href":"https:\/\/agora.xtec.cat\/zer-pedrera\/wp-json\/wp\/v2\/posts"}],"about":[{"href":"https:\/\/agora.xtec.cat\/zer-pedrera\/wp-json\/wp\/v2\/types\/post"}],"author":[{"embeddable":true,"href":"https:\/\/agora.xtec.cat\/zer-pedrera\/wp-json\/wp\/v2\/users\/1"}],"replies":[{"embeddable":true,"href":"https:\/\/agora.xtec.cat\/zer-pedrera\/wp-json\/wp\/v2\/comments?post=5521"}],"version-history":[{"count":3,"href":"https:\/\/agora.xtec.cat\/zer-pedrera\/wp-json\/wp\/v2\/posts\/5521\/revisions"}],"predecessor-version":[{"id":5537,"href":"https:\/\/agora.xtec.cat\/zer-pedrera\/wp-json\/wp\/v2\/posts\/5521\/revisions\/5537"}],"wp:featuredmedia":[{"embeddable":true,"href":"https:\/\/agora.xtec.cat\/zer-pedrera\/wp-json\/wp\/v2\/media\/5522"}],"wp:attachment":[{"href":"https:\/\/agora.xtec.cat\/zer-pedrera\/wp-json\/wp\/v2\/media?parent=5521"}],"wp:term":[{"taxonomy":"category","embeddable":true,"href":"https:\/\/agora.xtec.cat\/zer-pedrera\/wp-json\/wp\/v2\/categories?post=5521"},{"taxonomy":"post_tag","embeddable":true,"href":"https:\/\/agora.xtec.cat\/zer-pedrera\/wp-json\/wp\/v2\/tags?post=5521"}],"curies":[{"name":"wp","href":"https:\/\/api.w.org\/{rel}","templated":true}]}}