{"id":5508,"date":"2022-03-23T20:56:14","date_gmt":"2022-03-23T19:56:14","guid":{"rendered":"https:\/\/agora.xtec.cat\/zer-pedrera\/?p=5508"},"modified":"2022-03-23T20:56:46","modified_gmt":"2022-03-23T19:56:46","slug":"cm-de-lescola-abat-ruera-projecte-les-dones-catalanes","status":"publish","type":"post","link":"https:\/\/agora.xtec.cat\/zer-pedrera\/general\/cm-de-lescola-abat-ruera-projecte-les-dones-catalanes\/","title":{"rendered":"CM de l&#8217;escola Abat Ruera. Projecte &#8220;Les dones catalanes&#8221;"},"content":{"rendered":"<p>L&#8217;escola Abat Ruera s&#8217;endinsa en el m\u00f3n de la cultura amb el projecte &#8220;Les dones catalanes&#8221;. Cada cicle ha decidit treballar una o diverses dones catalanes que al llarg de la hist\u00f2ria o que en l&#8217;actualitat han destacat en algun \u00e0mbit. Els alumnes de CM han fet un mural amb la informaci\u00f3 m\u00e9s rellevant d&#8217;aquelles dones que han volgut destacar per algun motiu en concret, ja sigui, per la seva aportaci\u00f3 a la literatura, ci\u00e8ncia, esport, medicina&#8230;Per veure les fotografies del projecte clicar damunt de la imatge.<\/p>\n<div><\/div>\n<div style=\"text-align: center;\"><a href=\"https:\/\/photos.app.goo.gl\/LGNcc5CXhtx9bV6b7\" target=\"_blank\" rel=\"noopener\"><img loading=\"lazy\" decoding=\"async\" class=\"alignnone size-full wp-image-5509\" src=\"https:\/\/agora.xtec.cat\/zer-pedrera\/wp-content\/uploads\/usu1473\/2022\/03\/1647694045585-1.jpg\" alt=\"\" width=\"617\" height=\"424\" srcset=\"https:\/\/agora.xtec.cat\/zer-pedrera\/wp-content\/uploads\/usu1473\/2022\/03\/1647694045585-1.jpg 617w, https:\/\/agora.xtec.cat\/zer-pedrera\/wp-content\/uploads\/usu1473\/2022\/03\/1647694045585-1-300x206.jpg 300w\" sizes=\"auto, (max-width: 617px) 100vw, 617px\" \/><\/a><\/div>\n","protected":false},"excerpt":{"rendered":"<p>L&#8217;escola Abat Ruera s&#8217;endinsa en el m\u00f3n de la cultura amb el projecte &#8220;Les dones catalanes&#8221;. Cada cicle ha decidit treballar una o diverses dones catalanes que al llarg de la hist\u00f2ria o que en l&#8217;actualitat han destacat en algun \u00e0mbit. Els alumnes de CM&hellip;  <a href=\"https:\/\/agora.xtec.cat\/zer-pedrera\/general\/cm-de-lescola-abat-ruera-projecte-les-dones-catalanes\/\" title=\"Read CM de l&#8217;escola Abat Ruera. Projecte &#8220;Les dones catalanes&#8221;\">Llegeix m\u00e9s\u00bb<\/a><\/p>\n","protected":false},"author":1,"featured_media":5509,"comment_status":"open","ping_status":"closed","sticky":false,"template":"","format":"standard","meta":{"_bbp_topic_count":0,"_bbp_reply_count":0,"_bbp_total_topic_count":0,"_bbp_total_reply_count":0,"_bbp_voice_count":0,"_bbp_anonymous_reply_count":0,"_bbp_topic_count_hidden":0,"_bbp_reply_count_hidden":0,"_bbp_forum_subforum_count":0,"footnotes":""},"categories":[110,1,29,89,120],"tags":[],"class_list":["post-5508","post","type-post","status-publish","format-standard","has-post-thumbnail","hentry","category-escola-abat-ruera","category-general","category-portada","category-primaria","category-projectes"],"post_mailing_queue_ids":[],"_links":{"self":[{"href":"https:\/\/agora.xtec.cat\/zer-pedrera\/wp-json\/wp\/v2\/posts\/5508","targetHints":{"allow":["GET"]}}],"collection":[{"href":"https:\/\/agora.xtec.cat\/zer-pedrera\/wp-json\/wp\/v2\/posts"}],"about":[{"href":"https:\/\/agora.xtec.cat\/zer-pedrera\/wp-json\/wp\/v2\/types\/post"}],"author":[{"embeddable":true,"href":"https:\/\/agora.xtec.cat\/zer-pedrera\/wp-json\/wp\/v2\/users\/1"}],"replies":[{"embeddable":true,"href":"https:\/\/agora.xtec.cat\/zer-pedrera\/wp-json\/wp\/v2\/comments?post=5508"}],"version-history":[{"count":2,"href":"https:\/\/agora.xtec.cat\/zer-pedrera\/wp-json\/wp\/v2\/posts\/5508\/revisions"}],"predecessor-version":[{"id":5511,"href":"https:\/\/agora.xtec.cat\/zer-pedrera\/wp-json\/wp\/v2\/posts\/5508\/revisions\/5511"}],"wp:featuredmedia":[{"embeddable":true,"href":"https:\/\/agora.xtec.cat\/zer-pedrera\/wp-json\/wp\/v2\/media\/5509"}],"wp:attachment":[{"href":"https:\/\/agora.xtec.cat\/zer-pedrera\/wp-json\/wp\/v2\/media?parent=5508"}],"wp:term":[{"taxonomy":"category","embeddable":true,"href":"https:\/\/agora.xtec.cat\/zer-pedrera\/wp-json\/wp\/v2\/categories?post=5508"},{"taxonomy":"post_tag","embeddable":true,"href":"https:\/\/agora.xtec.cat\/zer-pedrera\/wp-json\/wp\/v2\/tags?post=5508"}],"curies":[{"name":"wp","href":"https:\/\/api.w.org\/{rel}","templated":true}]}}