{"id":5502,"date":"2022-03-23T19:37:56","date_gmt":"2022-03-23T18:37:56","guid":{"rendered":"https:\/\/agora.xtec.cat\/zer-pedrera\/?p=5502"},"modified":"2022-03-23T19:39:42","modified_gmt":"2022-03-23T18:39:42","slug":"ei-de-lescola-abat-ruera-experimentem-amb-llums-i-ombres","status":"publish","type":"post","link":"https:\/\/agora.xtec.cat\/zer-pedrera\/general\/ei-de-lescola-abat-ruera-experimentem-amb-llums-i-ombres\/","title":{"rendered":"EI de l&#8217;escola Abat Ruera. Experimentem amb llums i ombres"},"content":{"rendered":"<p>La senyoreta Janet va demanar als seus alumnes que portessin llanternes o algun objecte amb llum. A les nou del mat\u00ed quan els m\u00e9s petitets i petitones de la nostra escola van entrar per la porta la classe estava fosca!!! I aix\u00f2 es va aconseguir ficant bosses d&#8217;escombraries a les finestres i a les portes. Hi havia tres racons. El primer hi havia joguines amb llum, al segon botelles sensorials amb purpurina i al tercer paper de\u00a0\u00a0cel\u00b7lofana. Per la paret hi havia trossos tamb\u00e9 de paper de cel\u00b7lofana. Amb les llanternes podien enfocar-les i veure els colors del paper. Tot aix\u00f2 acompanyat amb m\u00fasica relaxant de fons .S&#8217;ho van passar d&#8217;all\u00f2 m\u00e9s b\u00e9.\u00a0 Per mirar m\u00e9s fotografies clicar damunt de la imatge.<\/p>\n<div><\/div>\n<div><\/div>\n<div><\/div>\n<div style=\"text-align: center;\"><a href=\"https:\/\/photos.app.goo.gl\/fCfHd7ajU3faYhb68\" target=\"_blank\" rel=\"noopener\"><img loading=\"lazy\" decoding=\"async\" class=\"alignnone wp-image-5503\" src=\"https:\/\/agora.xtec.cat\/zer-pedrera\/wp-content\/uploads\/usu1473\/2022\/03\/1647444998629.jpg\" alt=\"\" width=\"539\" height=\"404\" srcset=\"https:\/\/agora.xtec.cat\/zer-pedrera\/wp-content\/uploads\/usu1473\/2022\/03\/1647444998629.jpg 591w, https:\/\/agora.xtec.cat\/zer-pedrera\/wp-content\/uploads\/usu1473\/2022\/03\/1647444998629-300x225.jpg 300w, https:\/\/agora.xtec.cat\/zer-pedrera\/wp-content\/uploads\/usu1473\/2022\/03\/1647444998629-200x150.jpg 200w\" sizes=\"auto, (max-width: 539px) 100vw, 539px\" \/><\/a><\/div>\n<div><\/div>\n<div><\/div>\n<div><\/div>\n","protected":false},"excerpt":{"rendered":"<p>La senyoreta Janet va demanar als seus alumnes que portessin llanternes o algun objecte amb llum. A les nou del mat\u00ed quan els m\u00e9s petitets i petitones de la nostra escola van entrar per la porta la classe estava fosca!!! I aix\u00f2 es va aconseguir&hellip;  <a href=\"https:\/\/agora.xtec.cat\/zer-pedrera\/general\/ei-de-lescola-abat-ruera-experimentem-amb-llums-i-ombres\/\" title=\"Read EI de l&#8217;escola Abat Ruera. Experimentem amb llums i ombres\">Llegeix m\u00e9s\u00bb<\/a><\/p>\n","protected":false},"author":1,"featured_media":5503,"comment_status":"open","ping_status":"closed","sticky":false,"template":"","format":"standard","meta":{"_bbp_topic_count":0,"_bbp_reply_count":0,"_bbp_total_topic_count":0,"_bbp_total_reply_count":0,"_bbp_voice_count":0,"_bbp_anonymous_reply_count":0,"_bbp_topic_count_hidden":0,"_bbp_reply_count_hidden":0,"_bbp_forum_subforum_count":0,"footnotes":""},"categories":[113,110,1,119,29,89,120],"tags":[],"class_list":["post-5502","post","type-post","status-publish","format-standard","has-post-thumbnail","hentry","category-e-infantil","category-escola-abat-ruera","category-general","category-plastica","category-portada","category-primaria","category-projectes"],"post_mailing_queue_ids":[],"_links":{"self":[{"href":"https:\/\/agora.xtec.cat\/zer-pedrera\/wp-json\/wp\/v2\/posts\/5502","targetHints":{"allow":["GET"]}}],"collection":[{"href":"https:\/\/agora.xtec.cat\/zer-pedrera\/wp-json\/wp\/v2\/posts"}],"about":[{"href":"https:\/\/agora.xtec.cat\/zer-pedrera\/wp-json\/wp\/v2\/types\/post"}],"author":[{"embeddable":true,"href":"https:\/\/agora.xtec.cat\/zer-pedrera\/wp-json\/wp\/v2\/users\/1"}],"replies":[{"embeddable":true,"href":"https:\/\/agora.xtec.cat\/zer-pedrera\/wp-json\/wp\/v2\/comments?post=5502"}],"version-history":[{"count":3,"href":"https:\/\/agora.xtec.cat\/zer-pedrera\/wp-json\/wp\/v2\/posts\/5502\/revisions"}],"predecessor-version":[{"id":5507,"href":"https:\/\/agora.xtec.cat\/zer-pedrera\/wp-json\/wp\/v2\/posts\/5502\/revisions\/5507"}],"wp:featuredmedia":[{"embeddable":true,"href":"https:\/\/agora.xtec.cat\/zer-pedrera\/wp-json\/wp\/v2\/media\/5503"}],"wp:attachment":[{"href":"https:\/\/agora.xtec.cat\/zer-pedrera\/wp-json\/wp\/v2\/media?parent=5502"}],"wp:term":[{"taxonomy":"category","embeddable":true,"href":"https:\/\/agora.xtec.cat\/zer-pedrera\/wp-json\/wp\/v2\/categories?post=5502"},{"taxonomy":"post_tag","embeddable":true,"href":"https:\/\/agora.xtec.cat\/zer-pedrera\/wp-json\/wp\/v2\/tags?post=5502"}],"curies":[{"name":"wp","href":"https:\/\/api.w.org\/{rel}","templated":true}]}}