{"id":5484,"date":"2022-03-17T16:53:41","date_gmt":"2022-03-17T15:53:41","guid":{"rendered":"https:\/\/agora.xtec.cat\/zer-pedrera\/?p=5484"},"modified":"2022-03-17T16:53:41","modified_gmt":"2022-03-17T15:53:41","slug":"escola-abat-ruera-la-sardana","status":"publish","type":"post","link":"https:\/\/agora.xtec.cat\/zer-pedrera\/general\/escola-abat-ruera-la-sardana\/","title":{"rendered":"Escola Abat Ruera. La Sardana"},"content":{"rendered":"<p>Els alumnes de l&#8217;escola Abat Ruera han comen\u00e7at el projecte &#8220;La Sardana&#8221; a c\u00e0rrec de les nostres dues practicants, la Marta G\u00f2dia i Mireia Ramis. Despr\u00e9s de la part m\u00e9s te\u00f2rica ha comen\u00e7at la part pr\u00e0ctica. I despr\u00e9s de dues sessions mireu que b\u00e9 que ballen els\/les alumnes de CI.<\/p>\n<p><iframe loading=\"lazy\" title=\"BALLEM SARDADES\" width=\"500\" height=\"281\" src=\"https:\/\/www.youtube.com\/embed\/ly3IGInNWO8?feature=oembed\" frameborder=\"0\" allow=\"accelerometer; autoplay; clipboard-write; encrypted-media; gyroscope; picture-in-picture; web-share\" referrerpolicy=\"strict-origin-when-cross-origin\" allowfullscreen><\/iframe><\/p>\n","protected":false},"excerpt":{"rendered":"<p>Els alumnes de l&#8217;escola Abat Ruera han comen\u00e7at el projecte &#8220;La Sardana&#8221; a c\u00e0rrec de les nostres dues practicants, la Marta G\u00f2dia i Mireia Ramis. Despr\u00e9s de la part m\u00e9s te\u00f2rica ha comen\u00e7at la part pr\u00e0ctica. I despr\u00e9s de dues sessions mireu que b\u00e9 que&hellip;  <a href=\"https:\/\/agora.xtec.cat\/zer-pedrera\/general\/escola-abat-ruera-la-sardana\/\" title=\"Read Escola Abat Ruera. La Sardana\">Llegeix m\u00e9s\u00bb<\/a><\/p>\n","protected":false},"author":1,"featured_media":5485,"comment_status":"open","ping_status":"closed","sticky":false,"template":"","format":"standard","meta":{"_bbp_topic_count":0,"_bbp_reply_count":0,"_bbp_total_topic_count":0,"_bbp_total_reply_count":0,"_bbp_voice_count":0,"_bbp_anonymous_reply_count":0,"_bbp_topic_count_hidden":0,"_bbp_reply_count_hidden":0,"_bbp_forum_subforum_count":0,"footnotes":""},"categories":[110,1,29,89,120],"tags":[],"class_list":["post-5484","post","type-post","status-publish","format-standard","has-post-thumbnail","hentry","category-escola-abat-ruera","category-general","category-portada","category-primaria","category-projectes"],"post_mailing_queue_ids":[],"_links":{"self":[{"href":"https:\/\/agora.xtec.cat\/zer-pedrera\/wp-json\/wp\/v2\/posts\/5484","targetHints":{"allow":["GET"]}}],"collection":[{"href":"https:\/\/agora.xtec.cat\/zer-pedrera\/wp-json\/wp\/v2\/posts"}],"about":[{"href":"https:\/\/agora.xtec.cat\/zer-pedrera\/wp-json\/wp\/v2\/types\/post"}],"author":[{"embeddable":true,"href":"https:\/\/agora.xtec.cat\/zer-pedrera\/wp-json\/wp\/v2\/users\/1"}],"replies":[{"embeddable":true,"href":"https:\/\/agora.xtec.cat\/zer-pedrera\/wp-json\/wp\/v2\/comments?post=5484"}],"version-history":[{"count":1,"href":"https:\/\/agora.xtec.cat\/zer-pedrera\/wp-json\/wp\/v2\/posts\/5484\/revisions"}],"predecessor-version":[{"id":5486,"href":"https:\/\/agora.xtec.cat\/zer-pedrera\/wp-json\/wp\/v2\/posts\/5484\/revisions\/5486"}],"wp:featuredmedia":[{"embeddable":true,"href":"https:\/\/agora.xtec.cat\/zer-pedrera\/wp-json\/wp\/v2\/media\/5485"}],"wp:attachment":[{"href":"https:\/\/agora.xtec.cat\/zer-pedrera\/wp-json\/wp\/v2\/media?parent=5484"}],"wp:term":[{"taxonomy":"category","embeddable":true,"href":"https:\/\/agora.xtec.cat\/zer-pedrera\/wp-json\/wp\/v2\/categories?post=5484"},{"taxonomy":"post_tag","embeddable":true,"href":"https:\/\/agora.xtec.cat\/zer-pedrera\/wp-json\/wp\/v2\/tags?post=5484"}],"curies":[{"name":"wp","href":"https:\/\/api.w.org\/{rel}","templated":true}]}}