{"id":5471,"date":"2022-03-17T22:29:27","date_gmt":"2022-03-17T21:29:27","guid":{"rendered":"https:\/\/agora.xtec.cat\/zer-pedrera\/?p=5471"},"modified":"2022-03-17T22:29:27","modified_gmt":"2022-03-17T21:29:27","slug":"el-dia-de-la-dona-treballadora-a-lescola-porcel-de-cervera","status":"publish","type":"post","link":"https:\/\/agora.xtec.cat\/zer-pedrera\/general\/el-dia-de-la-dona-treballadora-a-lescola-porcel-de-cervera\/","title":{"rendered":"El dia de la dona treballadora a l&#8217;escola Porcel de Cervera."},"content":{"rendered":"<p>La setmana passada vam celebrar el dia de la dona treballadora. A l&#8217;escola, vam realitzar activitats per a treballar aquest dia amb els infants i fer-los m\u00e9s conci\u00e8nts sobre les difer\u00e8ncies entre homes i dones dins la societat i la necessitat d&#8217;erradicar-les.<\/p>\n<p>En el dia a dia de l&#8217;escola es treballa molt la coeducaci\u00f3, per\u00f2 aquests dies se li ha dedicat m\u00e9s temps i una especial atenci\u00f3. Des de fa unes setmanes, i gr\u00e0cies al centre de recursos de Les Garrigues, tenim a l&#8217;abast una maleta de contes i una de jocs que ens faciliten aquest treball.<\/p>\n<p>A l&#8217;aula dels petits hem dedicat algunes estones a llegir-los i a jugar-hi. El dia 8 de mar\u00e7 vam llegir el conte &#8220;El f\u00fatbol&#8221; de la col\u00b7lecci\u00f3 &#8220;Poka y Mina&#8221;. En ell, la Mina vol jugar a futbol, per\u00f2 tan el seu pare com els companys d&#8217;equip no creuen que ho hagui de fer, ja que el futbol \u00e9s un esport de nois. A partir d&#8217;aqu\u00ed, vam conversar sobre el tema, vam con\u00e8ixer l&#8217;Al\u00e8xia Putellas com a dona catalana i vam fer un dibuix amb el que preteniem trencar estereotips. Ah! Tamb\u00e9 vam ballar una can\u00e7\u00f3 anomenada &#8220;Depende de los dos&#8221;.<\/p>\n<p>Pel que fa a la classe dels grans, vam mirar videos, un d&#8217;ells de l&#8217;InfoK despr\u00e9s dels quals vam iniciar una conversa sobre el tema.<\/p>\n<p>Si en voleu veure les imatges cliqueu <a href=\"https:\/\/photos.app.goo.gl\/8wEZZYEug47c3cFfA\">AQU\u00cd<\/a>.<\/p>\n<p style=\"text-align: center;\"><a href=\"https:\/\/agora.xtec.cat\/zer-pedrera\/wp-content\/uploads\/usu1473\/2022\/03\/dia-internacional-de-la-dona-8-de-marc-8-1.gif\"><img loading=\"lazy\" decoding=\"async\" class=\"alignnone size-full wp-image-5475\" src=\"https:\/\/agora.xtec.cat\/zer-pedrera\/wp-content\/uploads\/usu1473\/2022\/03\/dia-internacional-de-la-dona-8-de-marc-8-1.gif\" alt=\"\" width=\"240\" height=\"240\" \/><\/a><\/p>\n","protected":false},"excerpt":{"rendered":"<p>La setmana passada vam celebrar el dia de la dona treballadora. A l&#8217;escola, vam realitzar activitats per a treballar aquest dia amb els infants i fer-los m\u00e9s conci\u00e8nts sobre les difer\u00e8ncies entre homes i dones dins la societat i la necessitat d&#8217;erradicar-les.<br \/>\nEn el dia a&hellip;  <a href=\"https:\/\/agora.xtec.cat\/zer-pedrera\/general\/el-dia-de-la-dona-treballadora-a-lescola-porcel-de-cervera\/\" title=\"Read El dia de la dona treballadora a l&#8217;escola Porcel de Cervera.\">Llegeix m\u00e9s\u00bb<\/a><\/p>\n","protected":false},"author":1,"featured_media":5475,"comment_status":"open","ping_status":"closed","sticky":false,"template":"","format":"standard","meta":{"_bbp_topic_count":0,"_bbp_reply_count":0,"_bbp_total_topic_count":0,"_bbp_total_reply_count":0,"_bbp_voice_count":0,"_bbp_anonymous_reply_count":0,"_bbp_topic_count_hidden":0,"_bbp_reply_count_hidden":0,"_bbp_forum_subforum_count":0,"footnotes":""},"categories":[113,145,111,1,29,89],"tags":[],"class_list":["post-5471","post","type-post","status-publish","format-standard","has-post-thumbnail","hentry","category-e-infantil","category-educacio-en-valors","category-escola-porcel-de-cervera","category-general","category-portada","category-primaria"],"post_mailing_queue_ids":[],"_links":{"self":[{"href":"https:\/\/agora.xtec.cat\/zer-pedrera\/wp-json\/wp\/v2\/posts\/5471","targetHints":{"allow":["GET"]}}],"collection":[{"href":"https:\/\/agora.xtec.cat\/zer-pedrera\/wp-json\/wp\/v2\/posts"}],"about":[{"href":"https:\/\/agora.xtec.cat\/zer-pedrera\/wp-json\/wp\/v2\/types\/post"}],"author":[{"embeddable":true,"href":"https:\/\/agora.xtec.cat\/zer-pedrera\/wp-json\/wp\/v2\/users\/1"}],"replies":[{"embeddable":true,"href":"https:\/\/agora.xtec.cat\/zer-pedrera\/wp-json\/wp\/v2\/comments?post=5471"}],"version-history":[{"count":3,"href":"https:\/\/agora.xtec.cat\/zer-pedrera\/wp-json\/wp\/v2\/posts\/5471\/revisions"}],"predecessor-version":[{"id":5487,"href":"https:\/\/agora.xtec.cat\/zer-pedrera\/wp-json\/wp\/v2\/posts\/5471\/revisions\/5487"}],"wp:featuredmedia":[{"embeddable":true,"href":"https:\/\/agora.xtec.cat\/zer-pedrera\/wp-json\/wp\/v2\/media\/5475"}],"wp:attachment":[{"href":"https:\/\/agora.xtec.cat\/zer-pedrera\/wp-json\/wp\/v2\/media?parent=5471"}],"wp:term":[{"taxonomy":"category","embeddable":true,"href":"https:\/\/agora.xtec.cat\/zer-pedrera\/wp-json\/wp\/v2\/categories?post=5471"},{"taxonomy":"post_tag","embeddable":true,"href":"https:\/\/agora.xtec.cat\/zer-pedrera\/wp-json\/wp\/v2\/tags?post=5471"}],"curies":[{"name":"wp","href":"https:\/\/api.w.org\/{rel}","templated":true}]}}