{"id":5452,"date":"2022-03-09T19:55:54","date_gmt":"2022-03-09T18:55:54","guid":{"rendered":"https:\/\/agora.xtec.cat\/zer-pedrera\/?p=5452"},"modified":"2022-03-09T19:57:11","modified_gmt":"2022-03-09T18:57:11","slug":"cm-cs-de-lescola-abat-ruera-dia-internacional-de-la-dona","status":"publish","type":"post","link":"https:\/\/agora.xtec.cat\/zer-pedrera\/general\/cm-cs-de-lescola-abat-ruera-dia-internacional-de-la-dona\/","title":{"rendered":"CM-CS de l&#8217;escola Abat Ruera. Dia Internacional de la Dona"},"content":{"rendered":"<p>Els alumnes de CM i CS de l&#8217;escola Abat Ruera han treballat el Dia Internacional de la Dona amb dues activitats:<\/p>\n<div>\n<ul>\n<li>La professora ha ficat damunt de cada taula cartells daurats amb el nom de feines de la llar. Cada alumne ha triat aquella que m\u00e9s li agrada. Despr\u00e9s ha tocat el moment de la reflexi\u00f3. S\u00f3n tasques de dones?, d&#8217;homes?, per igual?&#8230;<\/li>\n<li>S&#8217;ha dividit el grup classe en dos. A cada grup se&#8217;ls ha donat imatges de jocs i joguines i el s\u00edmbol femen\u00ed, mascul\u00ed\u00a0 i els dos junts. Entre ells\/es han decidit quin s\u00edmbol havien de ficar a cada joc o joguina. Despr\u00e9s de reflexionar han descobert que no existeixen jocs masculins o femenins.<\/li>\n<\/ul>\n<p style=\"text-align: center;\"><a href=\"https:\/\/photos.app.goo.gl\/sHhr6FR3vfUuCdnv8\" target=\"_blank\" rel=\"noopener\"><img loading=\"lazy\" decoding=\"async\" class=\"alignnone size-full wp-image-5454\" src=\"https:\/\/agora.xtec.cat\/zer-pedrera\/wp-content\/uploads\/usu1473\/2022\/03\/6a26f4fdc70a369a144d619d393ae399-1.jpg\" alt=\"\" width=\"430\" height=\"608\" srcset=\"https:\/\/agora.xtec.cat\/zer-pedrera\/wp-content\/uploads\/usu1473\/2022\/03\/6a26f4fdc70a369a144d619d393ae399-1.jpg 430w, https:\/\/agora.xtec.cat\/zer-pedrera\/wp-content\/uploads\/usu1473\/2022\/03\/6a26f4fdc70a369a144d619d393ae399-1-212x300.jpg 212w\" sizes=\"auto, (max-width: 430px) 100vw, 430px\" \/><\/a><\/p>\n<\/div>\n","protected":false},"excerpt":{"rendered":"<p>Els alumnes de CM i CS de l&#8217;escola Abat Ruera han treballat el Dia Internacional de la Dona amb dues activitats:<\/p>\n<ul>\n<li>La professora ha ficat damunt de cada taula cartells daurats amb el nom de feines de la llar. Cada alumne ha triat aquella que m\u00e9s&hellip;  <a href=\"https:\/\/agora.xtec.cat\/zer-pedrera\/general\/cm-cs-de-lescola-abat-ruera-dia-internacional-de-la-dona\/\" title=\"Read CM-CS de l&#8217;escola Abat Ruera. Dia Internacional de la Dona\">Llegeix m\u00e9s\u00bb<\/a><br \/>\n","protected":false},"author":1,"featured_media":5454,"comment_status":"open","ping_status":"closed","sticky":false,"template":"","format":"standard","meta":{"_bbp_topic_count":0,"_bbp_reply_count":0,"_bbp_total_topic_count":0,"_bbp_total_reply_count":0,"_bbp_voice_count":0,"_bbp_anonymous_reply_count":0,"_bbp_topic_count_hidden":0,"_bbp_reply_count_hidden":0,"_bbp_forum_subforum_count":0,"footnotes":""},"categories":[110,1,29,89,122],"tags":[],"class_list":["post-5452","post","type-post","status-publish","format-standard","has-post-thumbnail","hentry","category-escola-abat-ruera","category-general","category-portada","category-primaria","category-valors"],"post_mailing_queue_ids":[],"_links":{"self":[{"href":"https:\/\/agora.xtec.cat\/zer-pedrera\/wp-json\/wp\/v2\/posts\/5452","targetHints":{"allow":["GET"]}}],"collection":[{"href":"https:\/\/agora.xtec.cat\/zer-pedrera\/wp-json\/wp\/v2\/posts"}],"about":[{"href":"https:\/\/agora.xtec.cat\/zer-pedrera\/wp-json\/wp\/v2\/types\/post"}],"author":[{"embeddable":true,"href":"https:\/\/agora.xtec.cat\/zer-pedrera\/wp-json\/wp\/v2\/users\/1"}],"replies":[{"embeddable":true,"href":"https:\/\/agora.xtec.cat\/zer-pedrera\/wp-json\/wp\/v2\/comments?post=5452"}],"version-history":[{"count":2,"href":"https:\/\/agora.xtec.cat\/zer-pedrera\/wp-json\/wp\/v2\/posts\/5452\/revisions"}],"predecessor-version":[{"id":5456,"href":"https:\/\/agora.xtec.cat\/zer-pedrera\/wp-json\/wp\/v2\/posts\/5452\/revisions\/5456"}],"wp:featuredmedia":[{"embeddable":true,"href":"https:\/\/agora.xtec.cat\/zer-pedrera\/wp-json\/wp\/v2\/media\/5454"}],"wp:attachment":[{"href":"https:\/\/agora.xtec.cat\/zer-pedrera\/wp-json\/wp\/v2\/media?parent=5452"}],"wp:term":[{"taxonomy":"category","embeddable":true,"href":"https:\/\/agora.xtec.cat\/zer-pedrera\/wp-json\/wp\/v2\/categories?post=5452"},{"taxonomy":"post_tag","embeddable":true,"href":"https:\/\/agora.xtec.cat\/zer-pedrera\/wp-json\/wp\/v2\/tags?post=5452"}],"curies":[{"name":"wp","href":"https:\/\/api.w.org\/{rel}","templated":true}]}}