{"id":5449,"date":"2022-03-08T22:40:47","date_gmt":"2022-03-08T21:40:47","guid":{"rendered":"https:\/\/agora.xtec.cat\/zer-pedrera\/?p=5449"},"modified":"2022-03-08T22:40:47","modified_gmt":"2022-03-08T21:40:47","slug":"passejada-de-primavera-ei-i-ci-escola-porcel-de-cervera","status":"publish","type":"post","link":"https:\/\/agora.xtec.cat\/zer-pedrera\/portada\/passejada-de-primavera-ei-i-ci-escola-porcel-de-cervera\/","title":{"rendered":"Passejada de primavera. EI i CI Escola Porcel de Cervera."},"content":{"rendered":"<p>A les portes de la primavera, els petits de l&#8217;escola hem sortit a fer una passejada pels voltants de l&#8217;escola. El nostre prop\u00f2sit era visitar la granja de l&#8217;Elisenda, i sabeu qu\u00e8 hi vam veure? Doncs als tres porquets!!!<\/p>\n<p>All\u00e0 el Llu\u00eds, el pare de l&#8217;Elisenda, ens va explicar moltes coses d&#8217;aquests animals i va respondre totes les nostres preguntes. Moltes gr\u00e0cies Llu\u00eds, vas resoldre totes les nostres preguntes i vam aprendre moltes coses!!!!<\/p>\n<p>Despr\u00e9s, aprofitant que el cam\u00ed que porta a la granja \u00e9s molt tranquil i que feia un dia espl\u00e8ndit, vam continuar la passejada i vam veure els ametllers florits.<\/p>\n<p>Tamb\u00e9 vam fer curses i vam recollir tresors. Va ser una tarda ben divertida.<\/p>\n<p>Si en voleu veure imatges cliqueu damunt de la foto.<\/p>\n<p style=\"text-align: center;\"><a href=\"https:\/\/photos.app.goo.gl\/ZZYVRJwqAzthz12t6\"><img loading=\"lazy\" decoding=\"async\" class=\"alignnone size-full wp-image-5450\" src=\"https:\/\/agora.xtec.cat\/zer-pedrera\/wp-content\/uploads\/usu1473\/2022\/03\/1-1.jpg\" alt=\"\" width=\"500\" height=\"282\" srcset=\"https:\/\/agora.xtec.cat\/zer-pedrera\/wp-content\/uploads\/usu1473\/2022\/03\/1-1.jpg 500w, https:\/\/agora.xtec.cat\/zer-pedrera\/wp-content\/uploads\/usu1473\/2022\/03\/1-1-300x169.jpg 300w\" sizes=\"auto, (max-width: 500px) 100vw, 500px\" \/><\/a><\/p>\n","protected":false},"excerpt":{"rendered":"<p>A les portes de la primavera, els petits de l&#8217;escola hem sortit a fer una passejada pels voltants de l&#8217;escola. El nostre prop\u00f2sit era visitar la granja de l&#8217;Elisenda, i sabeu qu\u00e8 hi vam veure? Doncs als tres porquets!!!<br \/>\nAll\u00e0 el Llu\u00eds, el pare de l&#8217;Elisenda,&hellip;  <a href=\"https:\/\/agora.xtec.cat\/zer-pedrera\/portada\/passejada-de-primavera-ei-i-ci-escola-porcel-de-cervera\/\" title=\"Read Passejada de primavera. EI i CI Escola Porcel de Cervera.\">Llegeix m\u00e9s\u00bb<\/a><\/p>\n","protected":false},"author":1,"featured_media":5450,"comment_status":"open","ping_status":"closed","sticky":false,"template":"","format":"standard","meta":{"_bbp_topic_count":0,"_bbp_reply_count":0,"_bbp_total_topic_count":0,"_bbp_total_reply_count":0,"_bbp_voice_count":0,"_bbp_anonymous_reply_count":0,"_bbp_topic_count_hidden":0,"_bbp_reply_count_hidden":0,"_bbp_forum_subforum_count":0,"footnotes":""},"categories":[113,111,29,89],"tags":[],"class_list":["post-5449","post","type-post","status-publish","format-standard","has-post-thumbnail","hentry","category-e-infantil","category-escola-porcel-de-cervera","category-portada","category-primaria"],"post_mailing_queue_ids":[],"_links":{"self":[{"href":"https:\/\/agora.xtec.cat\/zer-pedrera\/wp-json\/wp\/v2\/posts\/5449","targetHints":{"allow":["GET"]}}],"collection":[{"href":"https:\/\/agora.xtec.cat\/zer-pedrera\/wp-json\/wp\/v2\/posts"}],"about":[{"href":"https:\/\/agora.xtec.cat\/zer-pedrera\/wp-json\/wp\/v2\/types\/post"}],"author":[{"embeddable":true,"href":"https:\/\/agora.xtec.cat\/zer-pedrera\/wp-json\/wp\/v2\/users\/1"}],"replies":[{"embeddable":true,"href":"https:\/\/agora.xtec.cat\/zer-pedrera\/wp-json\/wp\/v2\/comments?post=5449"}],"version-history":[{"count":1,"href":"https:\/\/agora.xtec.cat\/zer-pedrera\/wp-json\/wp\/v2\/posts\/5449\/revisions"}],"predecessor-version":[{"id":5451,"href":"https:\/\/agora.xtec.cat\/zer-pedrera\/wp-json\/wp\/v2\/posts\/5449\/revisions\/5451"}],"wp:featuredmedia":[{"embeddable":true,"href":"https:\/\/agora.xtec.cat\/zer-pedrera\/wp-json\/wp\/v2\/media\/5450"}],"wp:attachment":[{"href":"https:\/\/agora.xtec.cat\/zer-pedrera\/wp-json\/wp\/v2\/media?parent=5449"}],"wp:term":[{"taxonomy":"category","embeddable":true,"href":"https:\/\/agora.xtec.cat\/zer-pedrera\/wp-json\/wp\/v2\/categories?post=5449"},{"taxonomy":"post_tag","embeddable":true,"href":"https:\/\/agora.xtec.cat\/zer-pedrera\/wp-json\/wp\/v2\/tags?post=5449"}],"curies":[{"name":"wp","href":"https:\/\/api.w.org\/{rel}","templated":true}]}}