{"id":5418,"date":"2022-03-08T22:43:12","date_gmt":"2022-03-08T21:43:12","guid":{"rendered":"https:\/\/agora.xtec.cat\/zer-pedrera\/?p=5418"},"modified":"2022-03-08T22:43:12","modified_gmt":"2022-03-08T21:43:12","slug":"el-sentit-del-tacte-ei-i-ci-porcel-de-cervera","status":"publish","type":"post","link":"https:\/\/agora.xtec.cat\/zer-pedrera\/general\/el-sentit-del-tacte-ei-i-ci-porcel-de-cervera\/","title":{"rendered":"El sentit del tacte. EI i CI porcel de Cervera."},"content":{"rendered":"<p>Dins del projecte de medi i descoberta de l&#8217;entorn que estem realitzant aquest trimestre sobre el cos, treballem quins s\u00f3n els \u00f3rgans que ens serveixen per a relacionar-nos amb el nostre entorn, i quins s\u00f3n els sentits que hi estan relacionats.<\/p>\n<p>Despr\u00e9s d&#8217;identificar-los i de parlar-ne una mica, avui hem comen\u00e7at a treballar-los d&#8217;un en un. El primer ha estat el sentit del tacte. Hem realitzat una activitat que ens ha agradat molt: endevinar els objectes que hi havia en una capsa nom\u00e9s tocant amb les nostres mans.<\/p>\n<p>Per finalitzar, hem jugat una estona amb boles d&#8217;hidrogel i slime que hav\u00edem tocat en l&#8217;activitat anterior. Ens ha agradat el seu tacte i el molt que botaven les boletes.<\/p>\n<p>Si voleu en podeu veure les imatges <a href=\"https:\/\/photos.app.goo.gl\/yhSDjwqzEY3una3R7\">AQU\u00cd<\/a>.<\/p>\n<p style=\"text-align: center;\"><a href=\"https:\/\/agora.xtec.cat\/zer-pedrera\/wp-content\/uploads\/usu1473\/2022\/03\/tacte-6.jpg\"><img loading=\"lazy\" decoding=\"async\" class=\"alignnone size-full wp-image-5420\" src=\"https:\/\/agora.xtec.cat\/zer-pedrera\/wp-content\/uploads\/usu1473\/2022\/03\/tacte-6.jpg\" alt=\"\" width=\"320\" height=\"256\" srcset=\"https:\/\/agora.xtec.cat\/zer-pedrera\/wp-content\/uploads\/usu1473\/2022\/03\/tacte-6.jpg 320w, https:\/\/agora.xtec.cat\/zer-pedrera\/wp-content\/uploads\/usu1473\/2022\/03\/tacte-6-300x240.jpg 300w\" sizes=\"auto, (max-width: 320px) 100vw, 320px\" \/><\/a><\/p>\n","protected":false},"excerpt":{"rendered":"<p>Dins del projecte de medi i descoberta de l&#8217;entorn que estem realitzant aquest trimestre sobre el cos, treballem quins s\u00f3n els \u00f3rgans que ens serveixen per a relacionar-nos amb el nostre entorn, i quins s\u00f3n els sentits que hi estan relacionats.<br \/>\nDespr\u00e9s d&#8217;identificar-los i de parlar-ne&hellip;  <a href=\"https:\/\/agora.xtec.cat\/zer-pedrera\/general\/el-sentit-del-tacte-ei-i-ci-porcel-de-cervera\/\" title=\"Read El sentit del tacte. EI i CI porcel de Cervera.\">Llegeix m\u00e9s\u00bb<\/a><\/p>\n","protected":false},"author":1,"featured_media":0,"comment_status":"open","ping_status":"closed","sticky":false,"template":"","format":"standard","meta":{"_bbp_topic_count":0,"_bbp_reply_count":0,"_bbp_total_topic_count":0,"_bbp_total_reply_count":0,"_bbp_voice_count":0,"_bbp_anonymous_reply_count":0,"_bbp_topic_count_hidden":0,"_bbp_reply_count_hidden":0,"_bbp_forum_subforum_count":0,"footnotes":""},"categories":[113,111,1,29,89],"tags":[],"class_list":["post-5418","post","type-post","status-publish","format-standard","hentry","category-e-infantil","category-escola-porcel-de-cervera","category-general","category-portada","category-primaria"],"post_mailing_queue_ids":[],"_links":{"self":[{"href":"https:\/\/agora.xtec.cat\/zer-pedrera\/wp-json\/wp\/v2\/posts\/5418","targetHints":{"allow":["GET"]}}],"collection":[{"href":"https:\/\/agora.xtec.cat\/zer-pedrera\/wp-json\/wp\/v2\/posts"}],"about":[{"href":"https:\/\/agora.xtec.cat\/zer-pedrera\/wp-json\/wp\/v2\/types\/post"}],"author":[{"embeddable":true,"href":"https:\/\/agora.xtec.cat\/zer-pedrera\/wp-json\/wp\/v2\/users\/1"}],"replies":[{"embeddable":true,"href":"https:\/\/agora.xtec.cat\/zer-pedrera\/wp-json\/wp\/v2\/comments?post=5418"}],"version-history":[{"count":2,"href":"https:\/\/agora.xtec.cat\/zer-pedrera\/wp-json\/wp\/v2\/posts\/5418\/revisions"}],"predecessor-version":[{"id":5421,"href":"https:\/\/agora.xtec.cat\/zer-pedrera\/wp-json\/wp\/v2\/posts\/5418\/revisions\/5421"}],"wp:attachment":[{"href":"https:\/\/agora.xtec.cat\/zer-pedrera\/wp-json\/wp\/v2\/media?parent=5418"}],"wp:term":[{"taxonomy":"category","embeddable":true,"href":"https:\/\/agora.xtec.cat\/zer-pedrera\/wp-json\/wp\/v2\/categories?post=5418"},{"taxonomy":"post_tag","embeddable":true,"href":"https:\/\/agora.xtec.cat\/zer-pedrera\/wp-json\/wp\/v2\/tags?post=5418"}],"curies":[{"name":"wp","href":"https:\/\/api.w.org\/{rel}","templated":true}]}}