{"id":5400,"date":"2022-03-03T19:33:51","date_gmt":"2022-03-03T18:33:51","guid":{"rendered":"https:\/\/agora.xtec.cat\/zer-pedrera\/?p=5400"},"modified":"2022-03-03T19:33:51","modified_gmt":"2022-03-03T18:33:51","slug":"taller-educacio-viaria-porcel-de-cervera","status":"publish","type":"post","link":"https:\/\/agora.xtec.cat\/zer-pedrera\/portada\/taller-educacio-viaria-porcel-de-cervera\/","title":{"rendered":"TALLER EDUCACI\u00d3 VI\u00c0RIA. PORCEL DE CERVERA"},"content":{"rendered":"<p>Aquest passat dimecres, dia 2 de mar\u00e7, dos agents dels Mossos d&#8217;Esquadra de l&#8217;\u00e0rea de Tr\u00e0nsit van ser els encarregats de dur a terme el taller d&#8217;educaci\u00f3 vi\u00e0ria, adre\u00e7at als alumnes de C.M i C.S de l&#8217;Escola Porcel de Cervera.<\/p>\n<p>El taller va comen\u00e7ar amb unes quantes preguntes lliures als agents que van contestar molt did\u00e0cticament i algunes de les respostes ens van sorprendre gratament.<\/p>\n<p>Despr\u00e9s els van passar a tots els alumnes un test que havien de contestar amb sinceritat per poder comentar i preguntar dubtes a cada situaci\u00f3 plantejada. Van participar molt.<\/p>\n<p>Per veure les fotos del taller cliqueu damunt la imatge.<a href=\"https:\/\/photos.app.goo.gl\/1BWmhx55mvGgj3wL6\" target=\"_blank\" rel=\"noopener\"><img loading=\"lazy\" decoding=\"async\" class=\"alignnone wp-image-5401\" src=\"https:\/\/agora.xtec.cat\/zer-pedrera\/wp-content\/uploads\/usu1473\/2022\/03\/20220302_093842-1024x584.jpg\" alt=\"\" width=\"520\" height=\"296\" srcset=\"https:\/\/agora.xtec.cat\/zer-pedrera\/wp-content\/uploads\/usu1473\/2022\/03\/20220302_093842-1024x584.jpg 1024w, https:\/\/agora.xtec.cat\/zer-pedrera\/wp-content\/uploads\/usu1473\/2022\/03\/20220302_093842-300x171.jpg 300w, https:\/\/agora.xtec.cat\/zer-pedrera\/wp-content\/uploads\/usu1473\/2022\/03\/20220302_093842-768x438.jpg 768w, https:\/\/agora.xtec.cat\/zer-pedrera\/wp-content\/uploads\/usu1473\/2022\/03\/20220302_093842-1536x876.jpg 1536w, https:\/\/agora.xtec.cat\/zer-pedrera\/wp-content\/uploads\/usu1473\/2022\/03\/20220302_093842-2048x1168.jpg 2048w\" sizes=\"auto, (max-width: 520px) 100vw, 520px\" \/><\/a><\/p>\n<p>&nbsp;<\/p>\n<p>&nbsp;<\/p>\n","protected":false},"excerpt":{"rendered":"<p>Aquest passat dimecres, dia 2 de mar\u00e7, dos agents dels Mossos d&#8217;Esquadra de l&#8217;\u00e0rea de Tr\u00e0nsit van ser els encarregats de dur a terme el taller d&#8217;educaci\u00f3 vi\u00e0ria, adre\u00e7at als alumnes de C.M i C.S de l&#8217;Escola Porcel de Cervera.<br \/>\nEl taller va comen\u00e7ar amb unes&hellip;  <a href=\"https:\/\/agora.xtec.cat\/zer-pedrera\/portada\/taller-educacio-viaria-porcel-de-cervera\/\" title=\"Read TALLER EDUCACI\u00d3 VI\u00c0RIA. PORCEL DE CERVERA\">Llegeix m\u00e9s\u00bb<\/a><\/p>\n","protected":false},"author":1,"featured_media":5401,"comment_status":"open","ping_status":"closed","sticky":false,"template":"","format":"standard","meta":{"_bbp_topic_count":0,"_bbp_reply_count":0,"_bbp_total_topic_count":0,"_bbp_total_reply_count":0,"_bbp_voice_count":0,"_bbp_anonymous_reply_count":0,"_bbp_topic_count_hidden":0,"_bbp_reply_count_hidden":0,"_bbp_forum_subforum_count":0,"footnotes":""},"categories":[111,29,89,122],"tags":[],"class_list":["post-5400","post","type-post","status-publish","format-standard","has-post-thumbnail","hentry","category-escola-porcel-de-cervera","category-portada","category-primaria","category-valors"],"post_mailing_queue_ids":[],"_links":{"self":[{"href":"https:\/\/agora.xtec.cat\/zer-pedrera\/wp-json\/wp\/v2\/posts\/5400","targetHints":{"allow":["GET"]}}],"collection":[{"href":"https:\/\/agora.xtec.cat\/zer-pedrera\/wp-json\/wp\/v2\/posts"}],"about":[{"href":"https:\/\/agora.xtec.cat\/zer-pedrera\/wp-json\/wp\/v2\/types\/post"}],"author":[{"embeddable":true,"href":"https:\/\/agora.xtec.cat\/zer-pedrera\/wp-json\/wp\/v2\/users\/1"}],"replies":[{"embeddable":true,"href":"https:\/\/agora.xtec.cat\/zer-pedrera\/wp-json\/wp\/v2\/comments?post=5400"}],"version-history":[{"count":3,"href":"https:\/\/agora.xtec.cat\/zer-pedrera\/wp-json\/wp\/v2\/posts\/5400\/revisions"}],"predecessor-version":[{"id":5405,"href":"https:\/\/agora.xtec.cat\/zer-pedrera\/wp-json\/wp\/v2\/posts\/5400\/revisions\/5405"}],"wp:featuredmedia":[{"embeddable":true,"href":"https:\/\/agora.xtec.cat\/zer-pedrera\/wp-json\/wp\/v2\/media\/5401"}],"wp:attachment":[{"href":"https:\/\/agora.xtec.cat\/zer-pedrera\/wp-json\/wp\/v2\/media?parent=5400"}],"wp:term":[{"taxonomy":"category","embeddable":true,"href":"https:\/\/agora.xtec.cat\/zer-pedrera\/wp-json\/wp\/v2\/categories?post=5400"},{"taxonomy":"post_tag","embeddable":true,"href":"https:\/\/agora.xtec.cat\/zer-pedrera\/wp-json\/wp\/v2\/tags?post=5400"}],"curies":[{"name":"wp","href":"https:\/\/api.w.org\/{rel}","templated":true}]}}