{"id":5397,"date":"2022-03-03T12:20:32","date_gmt":"2022-03-03T11:20:32","guid":{"rendered":"https:\/\/agora.xtec.cat\/zer-pedrera\/?p=5397"},"modified":"2022-03-03T12:20:39","modified_gmt":"2022-03-03T11:20:39","slug":"remodelacio-de-lhort-escola-porcel-de-cervera","status":"publish","type":"post","link":"https:\/\/agora.xtec.cat\/zer-pedrera\/general\/remodelacio-de-lhort-escola-porcel-de-cervera\/","title":{"rendered":"Remodelaci\u00f3 de l&#8217;hort Escola Porcel de Cervera."},"content":{"rendered":"<p>Aquests dies hem treballat de valent per remodelar l&#8217;hort de l&#8217;escola, ja que els ocells es menjaven part de les verdures que ten\u00edem. La setmana passada vam estar picant i airejant b\u00e9 la terra i avui l&#8217;hem adobat i hem tret males herbes. A m\u00e9s a m\u00e9s hem cobert els enciams, les cols i coliflors amb una malla perqu\u00e8 les aus les deixin cr\u00e9ixer correctament.<\/p>\n<p>Com podeu veure a les imatges, hem afegit uns cartells ben bonics per saber qu\u00e8 tenim plantat a cada cavall\u00f3, per\u00f2 en 3 IDIOMES DIFERENTS! D&#8217;aquesta manera hem esbrinat com es deia cada aliment amb castell\u00e0 i angl\u00e8s.<\/p>\n<p>Finalment, hem posat un codi QR perqu\u00e8 tothom pugui saber tots els continguts que podem aprendre a l&#8217;hort escolar. Esperem que us agradi tant com a nosaltres.<\/p>\n<p>Per veure les fotos cliqueu sobre la imatge.<\/p>\n<p><a href=\"https:\/\/photos.app.goo.gl\/cHGeUYudW79AvKVt5\"><img loading=\"lazy\" decoding=\"async\" class=\"wp-image-5398 aligncenter\" src=\"https:\/\/agora.xtec.cat\/zer-pedrera\/wp-content\/uploads\/usu1473\/2022\/03\/WhatsApp-Image-2022-03-03-at-12.14.43.jpeg\" alt=\"\" width=\"435\" height=\"241\" srcset=\"https:\/\/agora.xtec.cat\/zer-pedrera\/wp-content\/uploads\/usu1473\/2022\/03\/WhatsApp-Image-2022-03-03-at-12.14.43.jpeg 1024w, https:\/\/agora.xtec.cat\/zer-pedrera\/wp-content\/uploads\/usu1473\/2022\/03\/WhatsApp-Image-2022-03-03-at-12.14.43-300x166.jpeg 300w, https:\/\/agora.xtec.cat\/zer-pedrera\/wp-content\/uploads\/usu1473\/2022\/03\/WhatsApp-Image-2022-03-03-at-12.14.43-768x425.jpeg 768w\" sizes=\"auto, (max-width: 435px) 100vw, 435px\" \/><\/a><\/p>\n","protected":false},"excerpt":{"rendered":"<p>Aquests dies hem treballat de valent per remodelar l&#8217;hort de l&#8217;escola, ja que els ocells es menjaven part de les verdures que ten\u00edem. La setmana passada vam estar picant i airejant b\u00e9 la terra i avui l&#8217;hem adobat i hem tret males herbes. A m\u00e9s&hellip;  <a href=\"https:\/\/agora.xtec.cat\/zer-pedrera\/general\/remodelacio-de-lhort-escola-porcel-de-cervera\/\" title=\"Read Remodelaci\u00f3 de l&#8217;hort Escola Porcel de Cervera.\">Llegeix m\u00e9s\u00bb<\/a><\/p>\n","protected":false},"author":1,"featured_media":5398,"comment_status":"open","ping_status":"closed","sticky":false,"template":"","format":"standard","meta":{"_bbp_topic_count":0,"_bbp_reply_count":0,"_bbp_total_topic_count":0,"_bbp_total_reply_count":0,"_bbp_voice_count":0,"_bbp_anonymous_reply_count":0,"_bbp_topic_count_hidden":0,"_bbp_reply_count_hidden":0,"_bbp_forum_subforum_count":0,"footnotes":""},"categories":[111,1,114,116,29,89],"tags":[],"class_list":["post-5397","post","type-post","status-publish","format-standard","has-post-thumbnail","hentry","category-escola-porcel-de-cervera","category-general","category-hort","category-medi","category-portada","category-primaria"],"post_mailing_queue_ids":[],"_links":{"self":[{"href":"https:\/\/agora.xtec.cat\/zer-pedrera\/wp-json\/wp\/v2\/posts\/5397","targetHints":{"allow":["GET"]}}],"collection":[{"href":"https:\/\/agora.xtec.cat\/zer-pedrera\/wp-json\/wp\/v2\/posts"}],"about":[{"href":"https:\/\/agora.xtec.cat\/zer-pedrera\/wp-json\/wp\/v2\/types\/post"}],"author":[{"embeddable":true,"href":"https:\/\/agora.xtec.cat\/zer-pedrera\/wp-json\/wp\/v2\/users\/1"}],"replies":[{"embeddable":true,"href":"https:\/\/agora.xtec.cat\/zer-pedrera\/wp-json\/wp\/v2\/comments?post=5397"}],"version-history":[{"count":1,"href":"https:\/\/agora.xtec.cat\/zer-pedrera\/wp-json\/wp\/v2\/posts\/5397\/revisions"}],"predecessor-version":[{"id":5399,"href":"https:\/\/agora.xtec.cat\/zer-pedrera\/wp-json\/wp\/v2\/posts\/5397\/revisions\/5399"}],"wp:featuredmedia":[{"embeddable":true,"href":"https:\/\/agora.xtec.cat\/zer-pedrera\/wp-json\/wp\/v2\/media\/5398"}],"wp:attachment":[{"href":"https:\/\/agora.xtec.cat\/zer-pedrera\/wp-json\/wp\/v2\/media?parent=5397"}],"wp:term":[{"taxonomy":"category","embeddable":true,"href":"https:\/\/agora.xtec.cat\/zer-pedrera\/wp-json\/wp\/v2\/categories?post=5397"},{"taxonomy":"post_tag","embeddable":true,"href":"https:\/\/agora.xtec.cat\/zer-pedrera\/wp-json\/wp\/v2\/tags?post=5397"}],"curies":[{"name":"wp","href":"https:\/\/api.w.org\/{rel}","templated":true}]}}