{"id":5388,"date":"2022-02-27T20:33:44","date_gmt":"2022-02-27T19:33:44","guid":{"rendered":"https:\/\/agora.xtec.cat\/zer-pedrera\/?p=5388"},"modified":"2022-02-27T20:36:36","modified_gmt":"2022-02-27T19:36:36","slug":"zer-pedrera-disbauxa-2022","status":"publish","type":"post","link":"https:\/\/agora.xtec.cat\/zer-pedrera\/general\/zer-pedrera-disbauxa-2022\/","title":{"rendered":"ZER PEDRERA. DISBAUXA 2022"},"content":{"rendered":"<p>La setmana ha comen\u00e7at fent cas de les ordres del rei carnestoltes. Ufff!! Cada dia ens ha fet venir amb una vestimenta diferent. Per\u00f2 la culminaci\u00f3 de la setmana ha estat el dia 25 de febrer amb la trobada de la Disbauxa.\u00a0 \u00c9s el segon cop que els alumnes, docents i fam\u00edlies ens podem reunir per celebrar una festivitat escolar. Ha estat un dia ple d&#8217;emocions, retrobaments i activitats (Taller dels Gegants, gimcana, cercavila pel poble&#8230;).<\/p>\n<p style=\"text-align: center;\">\n<p style=\"text-align: center;\"><a href=\"https:\/\/agora.xtec.cat\/zer-pedrera\/wp-content\/uploads\/usu1473\/2022\/02\/1645820396898.jpg\"><img loading=\"lazy\" decoding=\"async\" class=\"alignnone size-full wp-image-5389\" src=\"https:\/\/agora.xtec.cat\/zer-pedrera\/wp-content\/uploads\/usu1473\/2022\/02\/1645820396898.jpg\" alt=\"\" width=\"447\" height=\"267\" srcset=\"https:\/\/agora.xtec.cat\/zer-pedrera\/wp-content\/uploads\/usu1473\/2022\/02\/1645820396898.jpg 447w, https:\/\/agora.xtec.cat\/zer-pedrera\/wp-content\/uploads\/usu1473\/2022\/02\/1645820396898-300x179.jpg 300w\" sizes=\"auto, (max-width: 447px) 100vw, 447px\" \/><\/a><\/p>\n<p>Per veure les fotografies dels Capgrossos clicar <a href=\"https:\/\/photos.app.goo.gl\/cLsYyy3XrvxYuu6c7\" target=\"_blank\" rel=\"noopener\">AQU\u00cd<\/a>.<\/p>\n<p>Per veure les fotografies de la rebuda i esmorzar clicar <a href=\"https:\/\/photos.app.goo.gl\/um8gvtpYKReXsnAh9\" target=\"_blank\" rel=\"noopener\">AQU\u00cd<\/a>.<\/p>\n<p>Per veure les fotografies del Taller dels Gegants clicar <a href=\"https:\/\/photos.app.goo.gl\/bVBihFw2VBH6DVbz9\" target=\"_blank\" rel=\"noopener\">AQU\u00cd<\/a>.<\/p>\n<p>Per veure les fotografies de les activitats de la gimcana clicar <a href=\"https:\/\/photos.app.goo.gl\/Sv4yKpCP3MZSv94y8\" target=\"_blank\" rel=\"noopener\">AQU\u00cd<\/a>.<\/p>\n<p>Per veure les fotografies de la cercavila clicar <a href=\"https:\/\/photos.app.goo.gl\/ndPkw7ZBGNM5EuhHA\" target=\"_blank\" rel=\"noopener\">AQU\u00cd<\/a>.<\/p>\n","protected":false},"excerpt":{"rendered":"<p>La setmana ha comen\u00e7at fent cas de les ordres del rei carnestoltes. Ufff!! Cada dia ens ha fet venir amb una vestimenta diferent. Per\u00f2 la culminaci\u00f3 de la setmana ha estat el dia 25 de febrer amb la trobada de la Disbauxa.\u00a0 \u00c9s el segon&hellip;  <a href=\"https:\/\/agora.xtec.cat\/zer-pedrera\/general\/zer-pedrera-disbauxa-2022\/\" title=\"Read ZER PEDRERA. DISBAUXA 2022\">Llegeix m\u00e9s\u00bb<\/a><\/p>\n","protected":false},"author":1,"featured_media":5389,"comment_status":"open","ping_status":"closed","sticky":false,"template":"","format":"standard","meta":{"_bbp_topic_count":0,"_bbp_reply_count":0,"_bbp_total_topic_count":0,"_bbp_total_reply_count":0,"_bbp_voice_count":0,"_bbp_anonymous_reply_count":0,"_bbp_topic_count_hidden":0,"_bbp_reply_count_hidden":0,"_bbp_forum_subforum_count":0,"footnotes":""},"categories":[113,110,111,1,29,89],"tags":[],"class_list":["post-5388","post","type-post","status-publish","format-standard","has-post-thumbnail","hentry","category-e-infantil","category-escola-abat-ruera","category-escola-porcel-de-cervera","category-general","category-portada","category-primaria"],"post_mailing_queue_ids":[],"_links":{"self":[{"href":"https:\/\/agora.xtec.cat\/zer-pedrera\/wp-json\/wp\/v2\/posts\/5388","targetHints":{"allow":["GET"]}}],"collection":[{"href":"https:\/\/agora.xtec.cat\/zer-pedrera\/wp-json\/wp\/v2\/posts"}],"about":[{"href":"https:\/\/agora.xtec.cat\/zer-pedrera\/wp-json\/wp\/v2\/types\/post"}],"author":[{"embeddable":true,"href":"https:\/\/agora.xtec.cat\/zer-pedrera\/wp-json\/wp\/v2\/users\/1"}],"replies":[{"embeddable":true,"href":"https:\/\/agora.xtec.cat\/zer-pedrera\/wp-json\/wp\/v2\/comments?post=5388"}],"version-history":[{"count":2,"href":"https:\/\/agora.xtec.cat\/zer-pedrera\/wp-json\/wp\/v2\/posts\/5388\/revisions"}],"predecessor-version":[{"id":5391,"href":"https:\/\/agora.xtec.cat\/zer-pedrera\/wp-json\/wp\/v2\/posts\/5388\/revisions\/5391"}],"wp:featuredmedia":[{"embeddable":true,"href":"https:\/\/agora.xtec.cat\/zer-pedrera\/wp-json\/wp\/v2\/media\/5389"}],"wp:attachment":[{"href":"https:\/\/agora.xtec.cat\/zer-pedrera\/wp-json\/wp\/v2\/media?parent=5388"}],"wp:term":[{"taxonomy":"category","embeddable":true,"href":"https:\/\/agora.xtec.cat\/zer-pedrera\/wp-json\/wp\/v2\/categories?post=5388"},{"taxonomy":"post_tag","embeddable":true,"href":"https:\/\/agora.xtec.cat\/zer-pedrera\/wp-json\/wp\/v2\/tags?post=5388"}],"curies":[{"name":"wp","href":"https:\/\/api.w.org\/{rel}","templated":true}]}}