{"id":5377,"date":"2022-02-24T11:25:14","date_gmt":"2022-02-24T10:25:14","guid":{"rendered":"https:\/\/agora.xtec.cat\/zer-pedrera\/?p=5377"},"modified":"2022-04-05T09:43:38","modified_gmt":"2022-04-05T07:43:38","slug":"preinscripcio-22-23","status":"publish","type":"post","link":"https:\/\/agora.xtec.cat\/zer-pedrera\/general\/preinscripcio-22-23\/","title":{"rendered":"Preinscripci\u00f3 22-23"},"content":{"rendered":"<p>Es realitzar\u00e0 del\u00a0<strong>7 al 21<\/strong><strong>\u00a0de mar\u00e7.<\/strong>\u00a0Les\u00a0<strong>sol\u00b7licituds<\/strong>\u00a0i l\u2019entrega de documentaci\u00f3 es far\u00e0 totalment telem\u00e0tica entrant en aquest\u00a0<a href=\"https:\/\/preinscripcio.gencat.cat\/ca\/estudis\/infantil-3-6\/inici\/\" target=\"_blank\" rel=\"noopener\"><strong>link<\/strong><\/a>\u00a0(que estar\u00e0 actiu a partir del dia 7 de mar\u00e7)<\/p>\n<div>\n<p>La documentaci\u00f3 que haureu de tenir en format digital (escanejada o fotografiada) \u00e9s la seg\u00fcent:<\/p>\n<ul>\n<li><strong>Llibre de fam\u00edlia o altres documents relatius a la filiaci\u00f3.<br \/>\n<\/strong>Quan l\u2019alumne\/a estigui en situaci\u00f3 d\u2019acolliment, el document que cal aportar \u00e9s la\u00a0<strong>resoluci\u00f3 d\u2019acolliment del Departament de Treball, Afers Socials i Fam\u00edlies<\/strong>.<\/li>\n<li><strong>DNI del pare, la mare, el tutor o la tutora de l\u2019alumne\/a.<br \/>\n<\/strong>Si el sol\u00b7licitant \u00e9s estranger, necessitar\u00e0\u00a0<strong>la targeta de resid\u00e8ncia<\/strong>\u00a0on consta el NIE o el\u00a0<strong>passaport<\/strong>, i si \u00e9s estranger d\u2019un pa\u00eds membre de la Uni\u00f3 Europea li caldr\u00e0 adjuntar el\u00a0<strong>document d\u2019identitat del pa\u00eds d\u2019origen<\/strong>.<\/li>\n<\/ul>\n<\/div>\n<p>Trobareu tota la informaci\u00f3 a la\u00a0<a href=\"https:\/\/preinscripcio.gencat.cat\/ca\/inici\/\">p\u00e0gina web\u00a0<\/a>del Departament d\u2019Educaci\u00f3.<\/p>\n","protected":false},"excerpt":{"rendered":"<p>Es realitzar\u00e0 del\u00a07 al 21\u00a0de mar\u00e7.\u00a0Les\u00a0sol\u00b7licituds\u00a0i l\u2019entrega de documentaci\u00f3 es far\u00e0 totalment telem\u00e0tica entrant en aquest\u00a0<a href=\"https:\/\/preinscripcio.gencat.cat\/ca\/estudis\/infantil-3-6\/inici\/\" target=\"_blank\" rel=\"noopener\">link<\/a>\u00a0(que estar\u00e0 actiu a partir del dia 7 de mar\u00e7)<\/p>\n<p>La documentaci\u00f3 que haureu de tenir en format digital (escanejada o fotografiada) \u00e9s la seg\u00fcent:<\/p>\n<ul>\n<li>Llibre de fam\u00edlia o&hellip;  <a href=\"https:\/\/agora.xtec.cat\/zer-pedrera\/general\/preinscripcio-22-23\/\" title=\"Read Preinscripci\u00f3 22-23\">Llegeix m\u00e9s\u00bb<\/a><br \/>\n","protected":false},"author":1,"featured_media":3706,"comment_status":"open","ping_status":"closed","sticky":false,"template":"","format":"standard","meta":{"_bbp_topic_count":0,"_bbp_reply_count":0,"_bbp_total_topic_count":0,"_bbp_total_reply_count":0,"_bbp_voice_count":0,"_bbp_anonymous_reply_count":0,"_bbp_topic_count_hidden":0,"_bbp_reply_count_hidden":0,"_bbp_forum_subforum_count":0,"footnotes":""},"categories":[113,1,29,89],"tags":[],"class_list":["post-5377","post","type-post","status-publish","format-standard","has-post-thumbnail","hentry","category-e-infantil","category-general","category-portada","category-primaria"],"post_mailing_queue_ids":[],"_links":{"self":[{"href":"https:\/\/agora.xtec.cat\/zer-pedrera\/wp-json\/wp\/v2\/posts\/5377","targetHints":{"allow":["GET"]}}],"collection":[{"href":"https:\/\/agora.xtec.cat\/zer-pedrera\/wp-json\/wp\/v2\/posts"}],"about":[{"href":"https:\/\/agora.xtec.cat\/zer-pedrera\/wp-json\/wp\/v2\/types\/post"}],"author":[{"embeddable":true,"href":"https:\/\/agora.xtec.cat\/zer-pedrera\/wp-json\/wp\/v2\/users\/1"}],"replies":[{"embeddable":true,"href":"https:\/\/agora.xtec.cat\/zer-pedrera\/wp-json\/wp\/v2\/comments?post=5377"}],"version-history":[{"count":2,"href":"https:\/\/agora.xtec.cat\/zer-pedrera\/wp-json\/wp\/v2\/posts\/5377\/revisions"}],"predecessor-version":[{"id":5433,"href":"https:\/\/agora.xtec.cat\/zer-pedrera\/wp-json\/wp\/v2\/posts\/5377\/revisions\/5433"}],"wp:featuredmedia":[{"embeddable":true,"href":"https:\/\/agora.xtec.cat\/zer-pedrera\/wp-json\/wp\/v2\/media\/3706"}],"wp:attachment":[{"href":"https:\/\/agora.xtec.cat\/zer-pedrera\/wp-json\/wp\/v2\/media?parent=5377"}],"wp:term":[{"taxonomy":"category","embeddable":true,"href":"https:\/\/agora.xtec.cat\/zer-pedrera\/wp-json\/wp\/v2\/categories?post=5377"},{"taxonomy":"post_tag","embeddable":true,"href":"https:\/\/agora.xtec.cat\/zer-pedrera\/wp-json\/wp\/v2\/tags?post=5377"}],"curies":[{"name":"wp","href":"https:\/\/api.w.org\/{rel}","templated":true}]}}