{"id":5368,"date":"2022-02-22T19:54:58","date_gmt":"2022-02-22T18:54:58","guid":{"rendered":"https:\/\/agora.xtec.cat\/zer-pedrera\/?p=5368"},"modified":"2022-02-22T19:54:58","modified_gmt":"2022-02-22T18:54:58","slug":"ci-de-lescola-abat-ruera-dia-internacional-del-cancer-infantil","status":"publish","type":"post","link":"https:\/\/agora.xtec.cat\/zer-pedrera\/general\/ci-de-lescola-abat-ruera-dia-internacional-del-cancer-infantil\/","title":{"rendered":"CI de l&#8217;escola Abat Ruera. Dia Internacional del C\u00e0ncer Infantil"},"content":{"rendered":"<p>El dia 15 de febrer se celebra el Dia Internacional del C\u00e0ncer Infantil amb l&#8217;objectiu de conscienciar la societat sobre aquesta malaltia i intentar que tots els nens tinguin acc\u00e9s a un diagn\u00f2stic i tractament. Per aquest motiu els alumnes de CI hem volgut fer un mural per donar les nostres forces i \u00e0nims a tots els infants que estan vivint aquesta malaltia.<\/p>\n<p>Aqu\u00ed teniu el nostre mural.<\/p>\n<p style=\"text-align: center;\"><a href=\"https:\/\/agora.xtec.cat\/zer-pedrera\/wp-content\/uploads\/usu1473\/2022\/02\/1645555015904.jpg\"><img loading=\"lazy\" decoding=\"async\" class=\"alignnone size-full wp-image-5370\" src=\"https:\/\/agora.xtec.cat\/zer-pedrera\/wp-content\/uploads\/usu1473\/2022\/02\/1645555015904.jpg\" alt=\"\" width=\"465\" height=\"334\" srcset=\"https:\/\/agora.xtec.cat\/zer-pedrera\/wp-content\/uploads\/usu1473\/2022\/02\/1645555015904.jpg 465w, https:\/\/agora.xtec.cat\/zer-pedrera\/wp-content\/uploads\/usu1473\/2022\/02\/1645555015904-300x215.jpg 300w\" sizes=\"auto, (max-width: 465px) 100vw, 465px\" \/><\/a><\/p>\n<p>&nbsp;<\/p>\n","protected":false},"excerpt":{"rendered":"<p>El dia 15 de febrer se celebra el Dia Internacional del C\u00e0ncer Infantil amb l&#8217;objectiu de conscienciar la societat sobre aquesta malaltia i intentar que tots els nens tinguin acc\u00e9s a un diagn\u00f2stic i tractament. Per aquest motiu els alumnes de CI hem volgut fer&hellip;  <a href=\"https:\/\/agora.xtec.cat\/zer-pedrera\/general\/ci-de-lescola-abat-ruera-dia-internacional-del-cancer-infantil\/\" title=\"Read CI de l&#8217;escola Abat Ruera. Dia Internacional del C\u00e0ncer Infantil\">Llegeix m\u00e9s\u00bb<\/a><\/p>\n","protected":false},"author":1,"featured_media":5370,"comment_status":"open","ping_status":"closed","sticky":false,"template":"","format":"standard","meta":{"_bbp_topic_count":0,"_bbp_reply_count":0,"_bbp_total_topic_count":0,"_bbp_total_reply_count":0,"_bbp_voice_count":0,"_bbp_anonymous_reply_count":0,"_bbp_topic_count_hidden":0,"_bbp_reply_count_hidden":0,"_bbp_forum_subforum_count":0,"footnotes":""},"categories":[110,1,29,89],"tags":[],"class_list":["post-5368","post","type-post","status-publish","format-standard","has-post-thumbnail","hentry","category-escola-abat-ruera","category-general","category-portada","category-primaria"],"post_mailing_queue_ids":[],"_links":{"self":[{"href":"https:\/\/agora.xtec.cat\/zer-pedrera\/wp-json\/wp\/v2\/posts\/5368","targetHints":{"allow":["GET"]}}],"collection":[{"href":"https:\/\/agora.xtec.cat\/zer-pedrera\/wp-json\/wp\/v2\/posts"}],"about":[{"href":"https:\/\/agora.xtec.cat\/zer-pedrera\/wp-json\/wp\/v2\/types\/post"}],"author":[{"embeddable":true,"href":"https:\/\/agora.xtec.cat\/zer-pedrera\/wp-json\/wp\/v2\/users\/1"}],"replies":[{"embeddable":true,"href":"https:\/\/agora.xtec.cat\/zer-pedrera\/wp-json\/wp\/v2\/comments?post=5368"}],"version-history":[{"count":1,"href":"https:\/\/agora.xtec.cat\/zer-pedrera\/wp-json\/wp\/v2\/posts\/5368\/revisions"}],"predecessor-version":[{"id":5371,"href":"https:\/\/agora.xtec.cat\/zer-pedrera\/wp-json\/wp\/v2\/posts\/5368\/revisions\/5371"}],"wp:featuredmedia":[{"embeddable":true,"href":"https:\/\/agora.xtec.cat\/zer-pedrera\/wp-json\/wp\/v2\/media\/5370"}],"wp:attachment":[{"href":"https:\/\/agora.xtec.cat\/zer-pedrera\/wp-json\/wp\/v2\/media?parent=5368"}],"wp:term":[{"taxonomy":"category","embeddable":true,"href":"https:\/\/agora.xtec.cat\/zer-pedrera\/wp-json\/wp\/v2\/categories?post=5368"},{"taxonomy":"post_tag","embeddable":true,"href":"https:\/\/agora.xtec.cat\/zer-pedrera\/wp-json\/wp\/v2\/tags?post=5368"}],"curies":[{"name":"wp","href":"https:\/\/api.w.org\/{rel}","templated":true}]}}