{"id":5343,"date":"2022-02-21T23:35:47","date_gmt":"2022-02-21T22:35:47","guid":{"rendered":"https:\/\/agora.xtec.cat\/zer-pedrera\/?p=5343"},"modified":"2022-02-21T23:35:47","modified_gmt":"2022-02-21T22:35:47","slug":"visca-les-ungles-de-colors-ei-i-ci-porcel-de-cervera","status":"publish","type":"post","link":"https:\/\/agora.xtec.cat\/zer-pedrera\/general\/visca-les-ungles-de-colors-ei-i-ci-porcel-de-cervera\/","title":{"rendered":"Visca les ungles de colors!!!! EI i CI Porcel de Cervera."},"content":{"rendered":"<p>Ja fa uns dies que a la nostra classe gaudim d&#8217;una caixa, en pr\u00e8stec, de contes per treballar la coeducaci\u00f3 a l&#8217;aula. De tant en tant, dediquem una sessi\u00f3 de tutoria\u00a0 o d&#8217;una altra assignatura a llegir-ne un i a treballar a partir d&#8217;aquest. Aquesta setmana hem llegit un preci\u00f3s \u00e0lbum il\u00b7lustrat en el que un nen \u00e9s feli\u00e7 pintant-se les ungles de colors i que aix\u00f2 provoca que alguns nens de la seva escola es riguin d&#8217;ell i li diguin que &#8220;aix\u00f2 \u00e9s cosa de nenes&#8221;. Despr\u00e9s de llegir-lo i parlar-ne, hem decidit que nosaltres tamb\u00e9 ens vol\u00edem pintar les ungles de colors, i aix\u00f2 \u00e9s el que hem fet. Partint d&#8217;aquest conte, hem treballat valors i tamb\u00e9 la coordinaci\u00f3 Ull M\u00e0.<\/p>\n<p>Si en voleu veure les fotografies cliqueu damunt de la imatge.<\/p>\n<p><a href=\"https:\/\/photos.app.goo.gl\/od58ZbtLp7LFPrvt5\"><img loading=\"lazy\" decoding=\"async\" class=\" wp-image-5344 aligncenter\" src=\"https:\/\/agora.xtec.cat\/zer-pedrera\/wp-content\/uploads\/usu1473\/2022\/02\/Visca-les-ungles-de-colors.jpg\" alt=\"\" width=\"294\" height=\"296\" srcset=\"https:\/\/agora.xtec.cat\/zer-pedrera\/wp-content\/uploads\/usu1473\/2022\/02\/Visca-les-ungles-de-colors.jpg 498w, https:\/\/agora.xtec.cat\/zer-pedrera\/wp-content\/uploads\/usu1473\/2022\/02\/Visca-les-ungles-de-colors-150x150.jpg 150w\" sizes=\"auto, (max-width: 294px) 100vw, 294px\" \/><\/a><\/p>\n<p>&nbsp;<\/p>\n<p>&nbsp;<\/p>\n","protected":false},"excerpt":{"rendered":"<p>Ja fa uns dies que a la nostra classe gaudim d&#8217;una caixa, en pr\u00e8stec, de contes per treballar la coeducaci\u00f3 a l&#8217;aula. De tant en tant, dediquem una sessi\u00f3 de tutoria\u00a0 o d&#8217;una altra assignatura a llegir-ne un i a treballar a partir d&#8217;aquest. Aquesta&hellip;  <a href=\"https:\/\/agora.xtec.cat\/zer-pedrera\/general\/visca-les-ungles-de-colors-ei-i-ci-porcel-de-cervera\/\" title=\"Read Visca les ungles de colors!!!! EI i CI Porcel de Cervera.\">Llegeix m\u00e9s\u00bb<\/a><\/p>\n","protected":false},"author":1,"featured_media":0,"comment_status":"open","ping_status":"closed","sticky":false,"template":"","format":"standard","meta":{"_bbp_topic_count":0,"_bbp_reply_count":0,"_bbp_total_topic_count":0,"_bbp_total_reply_count":0,"_bbp_voice_count":0,"_bbp_anonymous_reply_count":0,"_bbp_topic_count_hidden":0,"_bbp_reply_count_hidden":0,"_bbp_forum_subforum_count":0,"footnotes":""},"categories":[1],"tags":[],"class_list":["post-5343","post","type-post","status-publish","format-standard","hentry","category-general"],"post_mailing_queue_ids":[],"_links":{"self":[{"href":"https:\/\/agora.xtec.cat\/zer-pedrera\/wp-json\/wp\/v2\/posts\/5343","targetHints":{"allow":["GET"]}}],"collection":[{"href":"https:\/\/agora.xtec.cat\/zer-pedrera\/wp-json\/wp\/v2\/posts"}],"about":[{"href":"https:\/\/agora.xtec.cat\/zer-pedrera\/wp-json\/wp\/v2\/types\/post"}],"author":[{"embeddable":true,"href":"https:\/\/agora.xtec.cat\/zer-pedrera\/wp-json\/wp\/v2\/users\/1"}],"replies":[{"embeddable":true,"href":"https:\/\/agora.xtec.cat\/zer-pedrera\/wp-json\/wp\/v2\/comments?post=5343"}],"version-history":[{"count":2,"href":"https:\/\/agora.xtec.cat\/zer-pedrera\/wp-json\/wp\/v2\/posts\/5343\/revisions"}],"predecessor-version":[{"id":5346,"href":"https:\/\/agora.xtec.cat\/zer-pedrera\/wp-json\/wp\/v2\/posts\/5343\/revisions\/5346"}],"wp:attachment":[{"href":"https:\/\/agora.xtec.cat\/zer-pedrera\/wp-json\/wp\/v2\/media?parent=5343"}],"wp:term":[{"taxonomy":"category","embeddable":true,"href":"https:\/\/agora.xtec.cat\/zer-pedrera\/wp-json\/wp\/v2\/categories?post=5343"},{"taxonomy":"post_tag","embeddable":true,"href":"https:\/\/agora.xtec.cat\/zer-pedrera\/wp-json\/wp\/v2\/tags?post=5343"}],"curies":[{"name":"wp","href":"https:\/\/api.w.org\/{rel}","templated":true}]}}