{"id":5331,"date":"2022-02-21T15:38:35","date_gmt":"2022-02-21T14:38:35","guid":{"rendered":"https:\/\/agora.xtec.cat\/zer-pedrera\/?p=5331"},"modified":"2022-02-21T15:38:43","modified_gmt":"2022-02-21T14:38:43","slug":"carla-gine-visita-cs-de-lescola-abat-ruera","status":"publish","type":"post","link":"https:\/\/agora.xtec.cat\/zer-pedrera\/general\/carla-gine-visita-cs-de-lescola-abat-ruera\/","title":{"rendered":"Carla Gin\u00e9 visita CS de l&#8217;escola Abat Ruera"},"content":{"rendered":"<p>Carla Gin\u00e9, autora del llibre &#8220;Hivern cremat&#8221;, visita el CS de l&#8217;escola Abat Ruera. La Carla va viure en primera persona un trastorn de la conducta aliment\u00e0ria que va alterar considerablement la seva vida. Ella, ens va narrar detalladament la seva viv\u00e8ncia per tal que aquells nens i nenes de la nostra escola que s&#8217;apropen a l&#8217;adolesc\u00e8ncia, siguin capa\u00e7os d&#8217;identificar els indicis que poden dur a un trastorn d&#8217;aquest tipus o, si m\u00e9s no, poder ajudar a aquelles persones del nostre entorn que el puguin patir.<\/p>\n<p>La Carla va venir a la nostra escola at\u00e8s que un dels contes que van fer els\/les alumnes de CS pel Premi Pilar\u00edn Bay\u00e9s abordava el tema dels trastorns de la conducta aliment\u00e0ria, concretament l&#8217;anor\u00e8xia. Vam poder establir molts paral\u00b7lelismes entre el contingut del conte escrit pels nens i nenes i la viv\u00e8ncia narrada per la Carla.<\/p>\n<p>Carla, molt\u00edssimes gr\u00e0cies pel teu testimoni.<\/p>\n<p style=\"text-align: center;\"><a href=\"https:\/\/agora.xtec.cat\/zer-pedrera\/wp-content\/uploads\/usu1473\/2022\/02\/20220218_152015.jpg\"><img loading=\"lazy\" decoding=\"async\" class=\"alignnone size-full wp-image-5332\" src=\"https:\/\/agora.xtec.cat\/zer-pedrera\/wp-content\/uploads\/usu1473\/2022\/02\/20220218_152015.jpg\" alt=\"\" width=\"448\" height=\"202\" srcset=\"https:\/\/agora.xtec.cat\/zer-pedrera\/wp-content\/uploads\/usu1473\/2022\/02\/20220218_152015.jpg 448w, https:\/\/agora.xtec.cat\/zer-pedrera\/wp-content\/uploads\/usu1473\/2022\/02\/20220218_152015-300x135.jpg 300w\" sizes=\"auto, (max-width: 448px) 100vw, 448px\" \/><\/a><\/p>\n<p>&nbsp;<\/p>\n","protected":false},"excerpt":{"rendered":"<p>Carla Gin\u00e9, autora del llibre &#8220;Hivern cremat&#8221;, visita el CS de l&#8217;escola Abat Ruera. La Carla va viure en primera persona un trastorn de la conducta aliment\u00e0ria que va alterar considerablement la seva vida. Ella, ens va narrar detalladament la seva viv\u00e8ncia per tal que&hellip;  <a href=\"https:\/\/agora.xtec.cat\/zer-pedrera\/general\/carla-gine-visita-cs-de-lescola-abat-ruera\/\" title=\"Read Carla Gin\u00e9 visita CS de l&#8217;escola Abat Ruera\">Llegeix m\u00e9s\u00bb<\/a><\/p>\n","protected":false},"author":1,"featured_media":5332,"comment_status":"open","ping_status":"closed","sticky":false,"template":"","format":"standard","meta":{"_bbp_topic_count":0,"_bbp_reply_count":0,"_bbp_total_topic_count":0,"_bbp_total_reply_count":0,"_bbp_voice_count":0,"_bbp_anonymous_reply_count":0,"_bbp_topic_count_hidden":0,"_bbp_reply_count_hidden":0,"_bbp_forum_subforum_count":0,"footnotes":""},"categories":[125,110,1,29,89,120],"tags":[],"class_list":["post-5331","post","type-post","status-publish","format-standard","has-post-thumbnail","hentry","category-catala","category-escola-abat-ruera","category-general","category-portada","category-primaria","category-projectes"],"post_mailing_queue_ids":[],"_links":{"self":[{"href":"https:\/\/agora.xtec.cat\/zer-pedrera\/wp-json\/wp\/v2\/posts\/5331","targetHints":{"allow":["GET"]}}],"collection":[{"href":"https:\/\/agora.xtec.cat\/zer-pedrera\/wp-json\/wp\/v2\/posts"}],"about":[{"href":"https:\/\/agora.xtec.cat\/zer-pedrera\/wp-json\/wp\/v2\/types\/post"}],"author":[{"embeddable":true,"href":"https:\/\/agora.xtec.cat\/zer-pedrera\/wp-json\/wp\/v2\/users\/1"}],"replies":[{"embeddable":true,"href":"https:\/\/agora.xtec.cat\/zer-pedrera\/wp-json\/wp\/v2\/comments?post=5331"}],"version-history":[{"count":1,"href":"https:\/\/agora.xtec.cat\/zer-pedrera\/wp-json\/wp\/v2\/posts\/5331\/revisions"}],"predecessor-version":[{"id":5333,"href":"https:\/\/agora.xtec.cat\/zer-pedrera\/wp-json\/wp\/v2\/posts\/5331\/revisions\/5333"}],"wp:featuredmedia":[{"embeddable":true,"href":"https:\/\/agora.xtec.cat\/zer-pedrera\/wp-json\/wp\/v2\/media\/5332"}],"wp:attachment":[{"href":"https:\/\/agora.xtec.cat\/zer-pedrera\/wp-json\/wp\/v2\/media?parent=5331"}],"wp:term":[{"taxonomy":"category","embeddable":true,"href":"https:\/\/agora.xtec.cat\/zer-pedrera\/wp-json\/wp\/v2\/categories?post=5331"},{"taxonomy":"post_tag","embeddable":true,"href":"https:\/\/agora.xtec.cat\/zer-pedrera\/wp-json\/wp\/v2\/tags?post=5331"}],"curies":[{"name":"wp","href":"https:\/\/api.w.org\/{rel}","templated":true}]}}