{"id":5320,"date":"2022-02-17T19:14:49","date_gmt":"2022-02-17T18:14:49","guid":{"rendered":"https:\/\/agora.xtec.cat\/zer-pedrera\/?p=5320"},"modified":"2022-02-17T19:15:36","modified_gmt":"2022-02-17T18:15:36","slug":"zer-pedrera-carta-dagraiment-save-the-children","status":"publish","type":"post","link":"https:\/\/agora.xtec.cat\/zer-pedrera\/general\/zer-pedrera-carta-dagraiment-save-the-children\/","title":{"rendered":"ZER PEDRERA. Carta d&#8217;agra\u00efment Save the Children"},"content":{"rendered":"<p>Com ja sabeu la nostra ZER ha participat en la cursa solid\u00e0ria de l&#8217;ONG <strong>Save the Children<\/strong>. Hem rebut aquesta carta donant-nos gr\u00e0cies per la nostra participaci\u00f3.<\/p>\n<p><a href=\"https:\/\/agora.xtec.cat\/zer-pedrera\/wp-content\/uploads\/usu1473\/2022\/02\/Captura-1.jpg\"><img loading=\"lazy\" decoding=\"async\" class=\"size-full wp-image-5322 aligncenter\" src=\"https:\/\/agora.xtec.cat\/zer-pedrera\/wp-content\/uploads\/usu1473\/2022\/02\/Captura-1.jpg\" alt=\"\" width=\"451\" height=\"505\" srcset=\"https:\/\/agora.xtec.cat\/zer-pedrera\/wp-content\/uploads\/usu1473\/2022\/02\/Captura-1.jpg 451w, https:\/\/agora.xtec.cat\/zer-pedrera\/wp-content\/uploads\/usu1473\/2022\/02\/Captura-1-268x300.jpg 268w\" sizes=\"auto, (max-width: 451px) 100vw, 451px\" \/><\/a><\/p>\n<p>A m\u00e9s volen compartir amb vosaltres un <strong>GR\u00c0CIES ENORME!<\/strong>\u00a0a trav\u00e9s d&#8217;aquest v\u00eddeo.\u00a0<a href=\"https:\/\/youtu.be\/_kqifiEjqFg%20\" target=\"_blank\" rel=\"noopener\" data-saferedirecturl=\"https:\/\/www.google.com\/url?q=https:\/\/youtu.be\/_kqifiEjqFg%2520&amp;source=gmail&amp;ust=1645206918827000&amp;usg=AOvVaw0N1xHe3qxgrWkHybLcFBcp\">https:\/\/youtu.be\/_kqifiEjqFg<\/a><\/p>\n","protected":false},"excerpt":{"rendered":"<p>Com ja sabeu la nostra ZER ha participat en la cursa solid\u00e0ria de l&#8217;ONG Save the Children. Hem rebut aquesta carta donant-nos gr\u00e0cies per la nostra participaci\u00f3.<br \/>\n<a href=\"https:\/\/agora.xtec.cat\/zer-pedrera\/wp-content\/uploads\/usu1473\/2022\/02\/Captura-1.jpg\"><\/a><br \/>\nA m\u00e9s volen compartir amb vosaltres un GR\u00c0CIES ENORME!\u00a0a trav\u00e9s d&#8217;aquest v\u00eddeo.\u00a0<a href=\"https:\/\/youtu.be\/_kqifiEjqFg%20\" target=\"_blank\" rel=\"noopener\" data-saferedirecturl=\"https:\/\/www.google.com\/url?q=https:\/\/youtu.be\/_kqifiEjqFg%2520&amp;source=gmail&amp;ust=1645206918827000&amp;usg=AOvVaw0N1xHe3qxgrWkHybLcFBcp\">https:\/\/youtu.be\/_kqifiEjqFg<\/a><\/p>\n","protected":false},"author":1,"featured_media":5322,"comment_status":"open","ping_status":"closed","sticky":false,"template":"","format":"standard","meta":{"_bbp_topic_count":0,"_bbp_reply_count":0,"_bbp_total_topic_count":0,"_bbp_total_reply_count":0,"_bbp_voice_count":0,"_bbp_anonymous_reply_count":0,"_bbp_topic_count_hidden":0,"_bbp_reply_count_hidden":0,"_bbp_forum_subforum_count":0,"footnotes":""},"categories":[110,111,1,29,89],"tags":[],"class_list":["post-5320","post","type-post","status-publish","format-standard","has-post-thumbnail","hentry","category-escola-abat-ruera","category-escola-porcel-de-cervera","category-general","category-portada","category-primaria"],"post_mailing_queue_ids":[],"_links":{"self":[{"href":"https:\/\/agora.xtec.cat\/zer-pedrera\/wp-json\/wp\/v2\/posts\/5320","targetHints":{"allow":["GET"]}}],"collection":[{"href":"https:\/\/agora.xtec.cat\/zer-pedrera\/wp-json\/wp\/v2\/posts"}],"about":[{"href":"https:\/\/agora.xtec.cat\/zer-pedrera\/wp-json\/wp\/v2\/types\/post"}],"author":[{"embeddable":true,"href":"https:\/\/agora.xtec.cat\/zer-pedrera\/wp-json\/wp\/v2\/users\/1"}],"replies":[{"embeddable":true,"href":"https:\/\/agora.xtec.cat\/zer-pedrera\/wp-json\/wp\/v2\/comments?post=5320"}],"version-history":[{"count":2,"href":"https:\/\/agora.xtec.cat\/zer-pedrera\/wp-json\/wp\/v2\/posts\/5320\/revisions"}],"predecessor-version":[{"id":5324,"href":"https:\/\/agora.xtec.cat\/zer-pedrera\/wp-json\/wp\/v2\/posts\/5320\/revisions\/5324"}],"wp:featuredmedia":[{"embeddable":true,"href":"https:\/\/agora.xtec.cat\/zer-pedrera\/wp-json\/wp\/v2\/media\/5322"}],"wp:attachment":[{"href":"https:\/\/agora.xtec.cat\/zer-pedrera\/wp-json\/wp\/v2\/media?parent=5320"}],"wp:term":[{"taxonomy":"category","embeddable":true,"href":"https:\/\/agora.xtec.cat\/zer-pedrera\/wp-json\/wp\/v2\/categories?post=5320"},{"taxonomy":"post_tag","embeddable":true,"href":"https:\/\/agora.xtec.cat\/zer-pedrera\/wp-json\/wp\/v2\/tags?post=5320"}],"curies":[{"name":"wp","href":"https:\/\/api.w.org\/{rel}","templated":true}]}}