{"id":5316,"date":"2022-02-16T13:55:55","date_gmt":"2022-02-16T12:55:55","guid":{"rendered":"https:\/\/agora.xtec.cat\/zer-pedrera\/?p=5316"},"modified":"2022-02-16T13:59:40","modified_gmt":"2022-02-16T12:59:40","slug":"super-escriptors-a-cs-de-lescola-abat-ruera","status":"publish","type":"post","link":"https:\/\/agora.xtec.cat\/zer-pedrera\/general\/super-escriptors-a-cs-de-lescola-abat-ruera\/","title":{"rendered":"S\u00faper escriptors a CS de l&#8217;escola Abat Ruera"},"content":{"rendered":"<p>Benvolgudes fam\u00edlies,<\/p>\n<p>\u00c9s ben sabut que la lectura i l&#8217;escriptura s\u00f3n pilars fonamentals de l&#8217;aprenentatge dels nens i nenes. De llegir i d&#8217;escriure se n&#8217;apr\u00e8n llegint i escrivint! Els mestres som meres bastides que acompanyem als alumnes, que els servim nou vocabulari, que posem en q\u00fcesti\u00f3 les construccions de paraules inicials per tal que nens i nenes explorin noves opcions gramaticals i sint\u00e0ctiques&#8230;<\/p>\n<p>Finalment, s&#8217;evidencia el potencial que nenes i nens tenen a l&#8217;hora d&#8217;escriure.<\/p>\n<p>Heus aqu\u00ed les dues obres liter\u00e0ries que els alumnes de Cicle Superior de l&#8217;escola Abat Ruera hem presentat al Premi Pilar\u00edn Bay\u00e9s que aquest any tenia com a tem\u00e0tica a abordar &#8220;La salut mental&#8221;.<\/p>\n<p>Una de les obres ha estat realitzada conjuntament per part de 5 alumnes de Cicle Superior; l&#8217;altra ha estat creada, en la seva totalitat, per un \u00fanic alumne.<\/p>\n<p>Moltes felicitats escriptores i escriptors!<\/p>\n<p>Esperem que pugueu gaudir de la lectura tant com els alumnes ho han fet durant el proc\u00e9s creatiu!<\/p>\n<p>&nbsp;<\/p>\n<p><strong>Cliqueu a la icona per accedir als contes<\/strong> <a href=\"https:\/\/drive.google.com\/drive\/folders\/1mlXdypJEX-seruS7Jy6bFiB4hscmOwJm?usp=sharing\" target=\"_blank\" rel=\"noopener\">\ud83d\udcda<\/a><\/p>\n<p>&nbsp;<\/p>\n","protected":false},"excerpt":{"rendered":"<p>Benvolgudes fam\u00edlies,<br \/>\n\u00c9s ben sabut que la lectura i l&#8217;escriptura s\u00f3n pilars fonamentals de l&#8217;aprenentatge dels nens i nenes. De llegir i d&#8217;escriure se n&#8217;apr\u00e8n llegint i escrivint! Els mestres som meres bastides que acompanyem als alumnes, que els servim nou vocabulari, que posem en q\u00fcesti\u00f3&hellip;  <a href=\"https:\/\/agora.xtec.cat\/zer-pedrera\/general\/super-escriptors-a-cs-de-lescola-abat-ruera\/\" title=\"Read S\u00faper escriptors a CS de l&#8217;escola Abat Ruera\">Llegeix m\u00e9s\u00bb<\/a><\/p>\n","protected":false},"author":1,"featured_media":5317,"comment_status":"open","ping_status":"closed","sticky":false,"template":"","format":"standard","meta":{"_bbp_topic_count":0,"_bbp_reply_count":0,"_bbp_total_topic_count":0,"_bbp_total_reply_count":0,"_bbp_voice_count":0,"_bbp_anonymous_reply_count":0,"_bbp_topic_count_hidden":0,"_bbp_reply_count_hidden":0,"_bbp_forum_subforum_count":0,"footnotes":""},"categories":[181,125,110,1,29,89],"tags":[],"class_list":["post-5316","post","type-post","status-publish","format-standard","has-post-thumbnail","hentry","category-biblioteca-escolar","category-catala","category-escola-abat-ruera","category-general","category-portada","category-primaria"],"post_mailing_queue_ids":[],"_links":{"self":[{"href":"https:\/\/agora.xtec.cat\/zer-pedrera\/wp-json\/wp\/v2\/posts\/5316","targetHints":{"allow":["GET"]}}],"collection":[{"href":"https:\/\/agora.xtec.cat\/zer-pedrera\/wp-json\/wp\/v2\/posts"}],"about":[{"href":"https:\/\/agora.xtec.cat\/zer-pedrera\/wp-json\/wp\/v2\/types\/post"}],"author":[{"embeddable":true,"href":"https:\/\/agora.xtec.cat\/zer-pedrera\/wp-json\/wp\/v2\/users\/1"}],"replies":[{"embeddable":true,"href":"https:\/\/agora.xtec.cat\/zer-pedrera\/wp-json\/wp\/v2\/comments?post=5316"}],"version-history":[{"count":1,"href":"https:\/\/agora.xtec.cat\/zer-pedrera\/wp-json\/wp\/v2\/posts\/5316\/revisions"}],"predecessor-version":[{"id":5318,"href":"https:\/\/agora.xtec.cat\/zer-pedrera\/wp-json\/wp\/v2\/posts\/5316\/revisions\/5318"}],"wp:featuredmedia":[{"embeddable":true,"href":"https:\/\/agora.xtec.cat\/zer-pedrera\/wp-json\/wp\/v2\/media\/5317"}],"wp:attachment":[{"href":"https:\/\/agora.xtec.cat\/zer-pedrera\/wp-json\/wp\/v2\/media?parent=5316"}],"wp:term":[{"taxonomy":"category","embeddable":true,"href":"https:\/\/agora.xtec.cat\/zer-pedrera\/wp-json\/wp\/v2\/categories?post=5316"},{"taxonomy":"post_tag","embeddable":true,"href":"https:\/\/agora.xtec.cat\/zer-pedrera\/wp-json\/wp\/v2\/tags?post=5316"}],"curies":[{"name":"wp","href":"https:\/\/api.w.org\/{rel}","templated":true}]}}