{"id":5312,"date":"2022-02-16T12:34:44","date_gmt":"2022-02-16T11:34:44","guid":{"rendered":"https:\/\/agora.xtec.cat\/zer-pedrera\/?p=5312"},"modified":"2022-02-16T12:34:44","modified_gmt":"2022-02-16T11:34:44","slug":"ci-de-lescola-abat-ruera-el-mon-audiovisual","status":"publish","type":"post","link":"https:\/\/agora.xtec.cat\/zer-pedrera\/general\/ci-de-lescola-abat-ruera-el-mon-audiovisual\/","title":{"rendered":"CI de l&#8217;Escola Abat Ruera. El m\u00f3n audiovisual"},"content":{"rendered":"<p>Com l&#8217;any passat els alumnes de CI de l&#8217;Escola Abat Ruera hem dut a terme un projecte audiovisual, on el m\u00f3n del cine i la literatura cl\u00e0ssica van units. Primer de tot hem treballat l&#8217;expressi\u00f3 escrita. Per petits grups han decidit quin conte volien treballar i han modificat la hist\u00f2ria. S&#8217;han hagut d&#8217;arribar a consens, s&#8217;han distribu\u00eft els personatges, han creat nous di\u00e0legs&#8230;<br \/>\nQuan han acabat aquesta part han dissenyat els seus personatges i han elegit els escenaris de la seva producci\u00f3 cinematogr\u00e0fica.<br \/>\nI per \u00faltim, la part m\u00e9s divertida! Filmar la nostra pel\u00b7l\u00edcula.<br \/>\nAl final han sortit 3 pel\u00b7l\u00edcules. Avui els alumnes de CI us volen presentar la primera de les seves tres grans produccions.<br \/>\nEsperem que us agradi!<\/p>\n<p><iframe loading=\"lazy\" title=\"Els 3 porquets\" width=\"500\" height=\"281\" src=\"https:\/\/www.youtube.com\/embed\/eQD-ULO9-Vc?feature=oembed\" frameborder=\"0\" allow=\"accelerometer; autoplay; clipboard-write; encrypted-media; gyroscope; picture-in-picture; web-share\" referrerpolicy=\"strict-origin-when-cross-origin\" allowfullscreen><\/iframe><\/p>\n","protected":false},"excerpt":{"rendered":"<p>Com l&#8217;any passat els alumnes de CI de l&#8217;Escola Abat Ruera hem dut a terme un projecte audiovisual, on el m\u00f3n del cine i la literatura cl\u00e0ssica van units. Primer de tot hem treballat l&#8217;expressi\u00f3 escrita. Per petits grups han decidit quin conte volien treballar&hellip;  <a href=\"https:\/\/agora.xtec.cat\/zer-pedrera\/general\/ci-de-lescola-abat-ruera-el-mon-audiovisual\/\" title=\"Read CI de l&#8217;Escola Abat Ruera. El m\u00f3n audiovisual\">Llegeix m\u00e9s\u00bb<\/a><\/p>\n","protected":false},"author":1,"featured_media":5313,"comment_status":"open","ping_status":"closed","sticky":false,"template":"","format":"standard","meta":{"_bbp_topic_count":0,"_bbp_reply_count":0,"_bbp_total_topic_count":0,"_bbp_total_reply_count":0,"_bbp_voice_count":0,"_bbp_anonymous_reply_count":0,"_bbp_topic_count_hidden":0,"_bbp_reply_count_hidden":0,"_bbp_forum_subforum_count":0,"footnotes":""},"categories":[110,1,29,89],"tags":[],"class_list":["post-5312","post","type-post","status-publish","format-standard","has-post-thumbnail","hentry","category-escola-abat-ruera","category-general","category-portada","category-primaria"],"post_mailing_queue_ids":[],"_links":{"self":[{"href":"https:\/\/agora.xtec.cat\/zer-pedrera\/wp-json\/wp\/v2\/posts\/5312","targetHints":{"allow":["GET"]}}],"collection":[{"href":"https:\/\/agora.xtec.cat\/zer-pedrera\/wp-json\/wp\/v2\/posts"}],"about":[{"href":"https:\/\/agora.xtec.cat\/zer-pedrera\/wp-json\/wp\/v2\/types\/post"}],"author":[{"embeddable":true,"href":"https:\/\/agora.xtec.cat\/zer-pedrera\/wp-json\/wp\/v2\/users\/1"}],"replies":[{"embeddable":true,"href":"https:\/\/agora.xtec.cat\/zer-pedrera\/wp-json\/wp\/v2\/comments?post=5312"}],"version-history":[{"count":1,"href":"https:\/\/agora.xtec.cat\/zer-pedrera\/wp-json\/wp\/v2\/posts\/5312\/revisions"}],"predecessor-version":[{"id":5314,"href":"https:\/\/agora.xtec.cat\/zer-pedrera\/wp-json\/wp\/v2\/posts\/5312\/revisions\/5314"}],"wp:featuredmedia":[{"embeddable":true,"href":"https:\/\/agora.xtec.cat\/zer-pedrera\/wp-json\/wp\/v2\/media\/5313"}],"wp:attachment":[{"href":"https:\/\/agora.xtec.cat\/zer-pedrera\/wp-json\/wp\/v2\/media?parent=5312"}],"wp:term":[{"taxonomy":"category","embeddable":true,"href":"https:\/\/agora.xtec.cat\/zer-pedrera\/wp-json\/wp\/v2\/categories?post=5312"},{"taxonomy":"post_tag","embeddable":true,"href":"https:\/\/agora.xtec.cat\/zer-pedrera\/wp-json\/wp\/v2\/tags?post=5312"}],"curies":[{"name":"wp","href":"https:\/\/api.w.org\/{rel}","templated":true}]}}