{"id":5284,"date":"2022-02-11T15:29:18","date_gmt":"2022-02-11T14:29:18","guid":{"rendered":"https:\/\/agora.xtec.cat\/zer-pedrera\/?p=5284"},"modified":"2022-02-11T15:30:28","modified_gmt":"2022-02-11T14:30:28","slug":"kilometres-solidaris-a-lescola-porcel-de-cervera","status":"publish","type":"post","link":"https:\/\/agora.xtec.cat\/zer-pedrera\/general\/kilometres-solidaris-a-lescola-porcel-de-cervera\/","title":{"rendered":"Kil\u00f2metres Solidaris a l&#8217;Escola Porcel de Cervera"},"content":{"rendered":"<p>&nbsp;<\/p>\n<p>A l&#8217;escola\u00a0vam realitzar una campanya amb col\u00b7laboraci\u00f3 amb l\u2019ONG<strong>\u00a0\u201cSave the Children\u201d<\/strong>, on les fam\u00edlies i l\u2019alumnat mitjan\u00e7ant petits donatius i patrocinadors aportarem el nostre gra de sorra perqu\u00e8 tots els infants puguin tenir tots els seus drets.<\/p>\n<p>Mitjan\u00e7ant aquesta campanya i la realitzaci\u00f3 dels nostres recorreguts en format de cursa, sumarem kil\u00f2metres i ajudarem a les persones m\u00e9s vulnerables en aquest tema, les nenes i els nens.<\/p>\n<p>L\u2019objectiu, no nom\u00e9s \u00e9s recollir diners per a diferents causes sin\u00f3 que volem impulsar, tant els h\u00e0bits de vida saludables, com la cultura de l\u2019esfor\u00e7 i solidaritat envers els altres. Pensem que aquest objectiu nom\u00e9s es pot aconseguir si fam\u00edlia i escola treballem junts.<\/p>\n<p>Volem felicitar a les fam\u00edlies per venir a animar durant la cursa i per la vostra col\u00b7laboraci\u00f3. S&#8217;ha recollit un total de <strong>214,80<\/strong> euros que juntament amb els diners recollits a Puiggr\u00f2s aniran a l&#8217;ONG Save the Children.<\/p>\n<p>Per poder veure les fotografies de la cursa cliqueu a la fotografia.<\/p>\n<p>&nbsp;<\/p>\n<p><a href=\"https:\/\/photos.app.goo.gl\/t6UxF5nh9z22wS1e8\"><img loading=\"lazy\" decoding=\"async\" class=\"size-full wp-image-5285 aligncenter\" src=\"https:\/\/agora.xtec.cat\/zer-pedrera\/wp-content\/uploads\/usu1473\/2022\/02\/untitled.png\" alt=\"\" width=\"286\" height=\"176\" \/><\/a><\/p>\n","protected":false},"excerpt":{"rendered":"<p>&nbsp;<br \/>\nA l&#8217;escola\u00a0vam realitzar una campanya amb col\u00b7laboraci\u00f3 amb l\u2019ONG\u00a0\u201cSave the Children\u201d, on les fam\u00edlies i l\u2019alumnat mitjan\u00e7ant petits donatius i patrocinadors aportarem el nostre gra de sorra perqu\u00e8 tots els infants puguin tenir tots els seus drets.<br \/>\nMitjan\u00e7ant aquesta campanya i la realitzaci\u00f3 dels nostres recorreguts&hellip;  <a href=\"https:\/\/agora.xtec.cat\/zer-pedrera\/general\/kilometres-solidaris-a-lescola-porcel-de-cervera\/\" title=\"Read Kil\u00f2metres Solidaris a l&#8217;Escola Porcel de Cervera\">Llegeix m\u00e9s\u00bb<\/a><\/p>\n","protected":false},"author":1,"featured_media":5268,"comment_status":"open","ping_status":"closed","sticky":false,"template":"","format":"standard","meta":{"_bbp_topic_count":0,"_bbp_reply_count":0,"_bbp_total_topic_count":0,"_bbp_total_reply_count":0,"_bbp_voice_count":0,"_bbp_anonymous_reply_count":0,"_bbp_topic_count_hidden":0,"_bbp_reply_count_hidden":0,"_bbp_forum_subforum_count":0,"footnotes":""},"categories":[113,145,111,1,29,89],"tags":[],"class_list":["post-5284","post","type-post","status-publish","format-standard","has-post-thumbnail","hentry","category-e-infantil","category-educacio-en-valors","category-escola-porcel-de-cervera","category-general","category-portada","category-primaria"],"post_mailing_queue_ids":[],"_links":{"self":[{"href":"https:\/\/agora.xtec.cat\/zer-pedrera\/wp-json\/wp\/v2\/posts\/5284","targetHints":{"allow":["GET"]}}],"collection":[{"href":"https:\/\/agora.xtec.cat\/zer-pedrera\/wp-json\/wp\/v2\/posts"}],"about":[{"href":"https:\/\/agora.xtec.cat\/zer-pedrera\/wp-json\/wp\/v2\/types\/post"}],"author":[{"embeddable":true,"href":"https:\/\/agora.xtec.cat\/zer-pedrera\/wp-json\/wp\/v2\/users\/1"}],"replies":[{"embeddable":true,"href":"https:\/\/agora.xtec.cat\/zer-pedrera\/wp-json\/wp\/v2\/comments?post=5284"}],"version-history":[{"count":2,"href":"https:\/\/agora.xtec.cat\/zer-pedrera\/wp-json\/wp\/v2\/posts\/5284\/revisions"}],"predecessor-version":[{"id":5288,"href":"https:\/\/agora.xtec.cat\/zer-pedrera\/wp-json\/wp\/v2\/posts\/5284\/revisions\/5288"}],"wp:featuredmedia":[{"embeddable":true,"href":"https:\/\/agora.xtec.cat\/zer-pedrera\/wp-json\/wp\/v2\/media\/5268"}],"wp:attachment":[{"href":"https:\/\/agora.xtec.cat\/zer-pedrera\/wp-json\/wp\/v2\/media?parent=5284"}],"wp:term":[{"taxonomy":"category","embeddable":true,"href":"https:\/\/agora.xtec.cat\/zer-pedrera\/wp-json\/wp\/v2\/categories?post=5284"},{"taxonomy":"post_tag","embeddable":true,"href":"https:\/\/agora.xtec.cat\/zer-pedrera\/wp-json\/wp\/v2\/tags?post=5284"}],"curies":[{"name":"wp","href":"https:\/\/api.w.org\/{rel}","templated":true}]}}