{"id":5256,"date":"2022-02-09T16:39:30","date_gmt":"2022-02-09T15:39:30","guid":{"rendered":"https:\/\/agora.xtec.cat\/zer-pedrera\/?p=5256"},"modified":"2022-02-09T16:57:25","modified_gmt":"2022-02-09T15:57:25","slug":"ei-de-lescola-abat-ruera-experimentem-amb-farina","status":"publish","type":"post","link":"https:\/\/agora.xtec.cat\/zer-pedrera\/general\/ei-de-lescola-abat-ruera-experimentem-amb-farina\/","title":{"rendered":"EI de l&#8217;Escola Abat Ruera. Experimentem amb farina"},"content":{"rendered":"<p>Tot el cicle d&#8217;Educaci\u00f3 Infantil han experimentat lliurement amb farina; mesurar, traspassar el material d&#8217;un lloc a un altre, fer caminets, jugar espont\u00e0niament&#8230;Durant tota l&#8217;activitat els alumnes anaven expressant verbalment les seves experi\u00e8ncies i el qu\u00e8 anaven descobrint amb la farina, per ells\/elles un material que els era totalment diferent.<\/p>\n<p>Per veure m\u00e9s fotografies clicar <a href=\"https:\/\/photos.app.goo.gl\/u7nb2L7ovDtKR1ex5\" target=\"_blank\" rel=\"noopener\">AQU\u00cd<\/a><\/p>\n<p style=\"text-align: center;\"><a href=\"https:\/\/agora.xtec.cat\/zer-pedrera\/wp-content\/uploads\/usu1473\/2022\/02\/1643059483894-1-1.jpg\"><img loading=\"lazy\" decoding=\"async\" class=\"alignnone size-full wp-image-5265\" src=\"https:\/\/agora.xtec.cat\/zer-pedrera\/wp-content\/uploads\/usu1473\/2022\/02\/1643059483894-1-1.jpg\" alt=\"\" width=\"311\" height=\"279\" srcset=\"https:\/\/agora.xtec.cat\/zer-pedrera\/wp-content\/uploads\/usu1473\/2022\/02\/1643059483894-1-1.jpg 311w, https:\/\/agora.xtec.cat\/zer-pedrera\/wp-content\/uploads\/usu1473\/2022\/02\/1643059483894-1-1-300x269.jpg 300w\" sizes=\"auto, (max-width: 311px) 100vw, 311px\" \/><\/a><\/p>\n<p>&nbsp;<\/p>\n<p style=\"text-align: center;\">\n","protected":false},"excerpt":{"rendered":"<p>Tot el cicle d&#8217;Educaci\u00f3 Infantil han experimentat lliurement amb farina; mesurar, traspassar el material d&#8217;un lloc a un altre, fer caminets, jugar espont\u00e0niament&#8230;Durant tota l&#8217;activitat els alumnes anaven expressant verbalment les seves experi\u00e8ncies i el qu\u00e8 anaven descobrint amb la farina, per ells\/elles un material&hellip;  <a href=\"https:\/\/agora.xtec.cat\/zer-pedrera\/general\/ei-de-lescola-abat-ruera-experimentem-amb-farina\/\" title=\"Read EI de l&#8217;Escola Abat Ruera. Experimentem amb farina\">Llegeix m\u00e9s\u00bb<\/a><\/p>\n","protected":false},"author":1,"featured_media":5265,"comment_status":"open","ping_status":"closed","sticky":false,"template":"","format":"standard","meta":{"_bbp_topic_count":0,"_bbp_reply_count":0,"_bbp_total_topic_count":0,"_bbp_total_reply_count":0,"_bbp_voice_count":0,"_bbp_anonymous_reply_count":0,"_bbp_topic_count_hidden":0,"_bbp_reply_count_hidden":0,"_bbp_forum_subforum_count":0,"footnotes":""},"categories":[113,110,1,29],"tags":[],"class_list":["post-5256","post","type-post","status-publish","format-standard","has-post-thumbnail","hentry","category-e-infantil","category-escola-abat-ruera","category-general","category-portada"],"post_mailing_queue_ids":[],"_links":{"self":[{"href":"https:\/\/agora.xtec.cat\/zer-pedrera\/wp-json\/wp\/v2\/posts\/5256","targetHints":{"allow":["GET"]}}],"collection":[{"href":"https:\/\/agora.xtec.cat\/zer-pedrera\/wp-json\/wp\/v2\/posts"}],"about":[{"href":"https:\/\/agora.xtec.cat\/zer-pedrera\/wp-json\/wp\/v2\/types\/post"}],"author":[{"embeddable":true,"href":"https:\/\/agora.xtec.cat\/zer-pedrera\/wp-json\/wp\/v2\/users\/1"}],"replies":[{"embeddable":true,"href":"https:\/\/agora.xtec.cat\/zer-pedrera\/wp-json\/wp\/v2\/comments?post=5256"}],"version-history":[{"count":3,"href":"https:\/\/agora.xtec.cat\/zer-pedrera\/wp-json\/wp\/v2\/posts\/5256\/revisions"}],"predecessor-version":[{"id":5266,"href":"https:\/\/agora.xtec.cat\/zer-pedrera\/wp-json\/wp\/v2\/posts\/5256\/revisions\/5266"}],"wp:featuredmedia":[{"embeddable":true,"href":"https:\/\/agora.xtec.cat\/zer-pedrera\/wp-json\/wp\/v2\/media\/5265"}],"wp:attachment":[{"href":"https:\/\/agora.xtec.cat\/zer-pedrera\/wp-json\/wp\/v2\/media?parent=5256"}],"wp:term":[{"taxonomy":"category","embeddable":true,"href":"https:\/\/agora.xtec.cat\/zer-pedrera\/wp-json\/wp\/v2\/categories?post=5256"},{"taxonomy":"post_tag","embeddable":true,"href":"https:\/\/agora.xtec.cat\/zer-pedrera\/wp-json\/wp\/v2\/tags?post=5256"}],"curies":[{"name":"wp","href":"https:\/\/api.w.org\/{rel}","templated":true}]}}