{"id":5240,"date":"2022-02-02T19:39:36","date_gmt":"2022-02-02T18:39:36","guid":{"rendered":"https:\/\/agora.xtec.cat\/zer-pedrera\/?p=5240"},"modified":"2022-02-02T19:39:36","modified_gmt":"2022-02-02T18:39:36","slug":"concurs-once-el-cami-que-ens-fa-iguals-porcel-de-cervera","status":"publish","type":"post","link":"https:\/\/agora.xtec.cat\/zer-pedrera\/general\/concurs-once-el-cami-que-ens-fa-iguals-porcel-de-cervera\/","title":{"rendered":"Concurs ONCE : El cam\u00ed que ens fa iguals. Porcel de Cervera"},"content":{"rendered":"<p>Amb l&#8221;alumnat de C.M i de C.S de l&#8217;escola Porcel de Cervera hem participat al Concurs Escolar Grup Social Once &#8211; programa d&#8217;acci\u00f3 educativa- amb el lema d&#8217;aquest any\u00a0 &#8220;EL CAM\u00cd QUE ENS FA IGUALS&#8221;, fent refer\u00e8ncia al tema de la inclusi\u00f3 en l&#8217;\u00e0mbit educatiu.<\/p>\n<p>Cliqueu damunt la foto i veureu l&#8217;elaboraci\u00f3 i el resultat final, senzill per\u00f2 ens ha fet pensar molt per trobar les paraules i imatges adequades i tamb\u00e9 s&#8217;ha de destacar que\u00a0 han sortit bones idees i diferents&#8230; tot hi cap, imaginaci\u00f3 al poder!<\/p>\n<p>Hem intentat reflectir el cam\u00ed de la inclusi\u00f3 com un joc, on hi ha moments dif\u00edcils i tamb\u00e9 espais de calma, hi ha caselles que depenen d&#8217;un mateix, n&#8217;hi ha que es poden superar amb companyia&#8230;aix\u00ed, a trav\u00e9s de la met\u00e0fora del joc, passant per les diferents caselles arribarem en la mesura que es pugui a la igualtat.<\/p>\n<p>Si guanyem b\u00e9 i sin\u00f3 &#8230;.tamb\u00e9\u00a0 !!!!<\/p>\n<p><a href=\"https:\/\/photos.app.goo.gl\/wJ33bpvX2Xvhcj579\" target=\"_blank\" rel=\"noopener\"><img loading=\"lazy\" decoding=\"async\" class=\"wp-image-5241 alignright\" src=\"https:\/\/agora.xtec.cat\/zer-pedrera\/wp-content\/uploads\/usu1473\/2022\/02\/20220202_110829-781x1024.jpg\" alt=\"\" width=\"390\" height=\"511\" srcset=\"https:\/\/agora.xtec.cat\/zer-pedrera\/wp-content\/uploads\/usu1473\/2022\/02\/20220202_110829-781x1024.jpg 781w, https:\/\/agora.xtec.cat\/zer-pedrera\/wp-content\/uploads\/usu1473\/2022\/02\/20220202_110829-229x300.jpg 229w, https:\/\/agora.xtec.cat\/zer-pedrera\/wp-content\/uploads\/usu1473\/2022\/02\/20220202_110829-768x1007.jpg 768w, https:\/\/agora.xtec.cat\/zer-pedrera\/wp-content\/uploads\/usu1473\/2022\/02\/20220202_110829-1171x1536.jpg 1171w, https:\/\/agora.xtec.cat\/zer-pedrera\/wp-content\/uploads\/usu1473\/2022\/02\/20220202_110829-1562x2048.jpg 1562w, https:\/\/agora.xtec.cat\/zer-pedrera\/wp-content\/uploads\/usu1473\/2022\/02\/20220202_110829-scaled.jpg 1952w\" sizes=\"auto, (max-width: 390px) 100vw, 390px\" \/><\/a><\/p>\n","protected":false},"excerpt":{"rendered":"<p>Amb l&#8221;alumnat de C.M i de C.S de l&#8217;escola Porcel de Cervera hem participat al Concurs Escolar Grup Social Once &#8211; programa d&#8217;acci\u00f3 educativa- amb el lema d&#8217;aquest any\u00a0 &#8220;EL CAM\u00cd QUE ENS FA IGUALS&#8221;, fent refer\u00e8ncia al tema de la inclusi\u00f3 en l&#8217;\u00e0mbit educatiu.<br \/>\nCliqueu&hellip;  <a href=\"https:\/\/agora.xtec.cat\/zer-pedrera\/general\/concurs-once-el-cami-que-ens-fa-iguals-porcel-de-cervera\/\" title=\"Read Concurs ONCE : El cam\u00ed que ens fa iguals. Porcel de Cervera\">Llegeix m\u00e9s\u00bb<\/a><\/p>\n","protected":false},"author":1,"featured_media":5242,"comment_status":"open","ping_status":"closed","sticky":false,"template":"","format":"standard","meta":{"_bbp_topic_count":0,"_bbp_reply_count":0,"_bbp_total_topic_count":0,"_bbp_total_reply_count":0,"_bbp_voice_count":0,"_bbp_anonymous_reply_count":0,"_bbp_topic_count_hidden":0,"_bbp_reply_count_hidden":0,"_bbp_forum_subforum_count":0,"footnotes":""},"categories":[145,111,1,29,89,121,122],"tags":[196,194,195,175],"class_list":["post-5240","post","type-post","status-publish","format-standard","has-post-thumbnail","hentry","category-educacio-en-valors","category-escola-porcel-de-cervera","category-general","category-portada","category-primaria","category-religio","category-valors","tag-concurs","tag-inclusio","tag-once","tag-valors"],"post_mailing_queue_ids":[],"_links":{"self":[{"href":"https:\/\/agora.xtec.cat\/zer-pedrera\/wp-json\/wp\/v2\/posts\/5240","targetHints":{"allow":["GET"]}}],"collection":[{"href":"https:\/\/agora.xtec.cat\/zer-pedrera\/wp-json\/wp\/v2\/posts"}],"about":[{"href":"https:\/\/agora.xtec.cat\/zer-pedrera\/wp-json\/wp\/v2\/types\/post"}],"author":[{"embeddable":true,"href":"https:\/\/agora.xtec.cat\/zer-pedrera\/wp-json\/wp\/v2\/users\/1"}],"replies":[{"embeddable":true,"href":"https:\/\/agora.xtec.cat\/zer-pedrera\/wp-json\/wp\/v2\/comments?post=5240"}],"version-history":[{"count":3,"href":"https:\/\/agora.xtec.cat\/zer-pedrera\/wp-json\/wp\/v2\/posts\/5240\/revisions"}],"predecessor-version":[{"id":5247,"href":"https:\/\/agora.xtec.cat\/zer-pedrera\/wp-json\/wp\/v2\/posts\/5240\/revisions\/5247"}],"wp:featuredmedia":[{"embeddable":true,"href":"https:\/\/agora.xtec.cat\/zer-pedrera\/wp-json\/wp\/v2\/media\/5242"}],"wp:attachment":[{"href":"https:\/\/agora.xtec.cat\/zer-pedrera\/wp-json\/wp\/v2\/media?parent=5240"}],"wp:term":[{"taxonomy":"category","embeddable":true,"href":"https:\/\/agora.xtec.cat\/zer-pedrera\/wp-json\/wp\/v2\/categories?post=5240"},{"taxonomy":"post_tag","embeddable":true,"href":"https:\/\/agora.xtec.cat\/zer-pedrera\/wp-json\/wp\/v2\/tags?post=5240"}],"curies":[{"name":"wp","href":"https:\/\/api.w.org\/{rel}","templated":true}]}}