{"id":5237,"date":"2022-02-10T23:27:19","date_gmt":"2022-02-10T22:27:19","guid":{"rendered":"https:\/\/agora.xtec.cat\/zer-pedrera\/?p=5237"},"modified":"2022-02-10T23:29:41","modified_gmt":"2022-02-10T22:29:41","slug":"dia-de-la-pau-i-la-no-violencia-a-lescola-porcel-de-cervera","status":"publish","type":"post","link":"https:\/\/agora.xtec.cat\/zer-pedrera\/general\/dia-de-la-pau-i-la-no-violencia-a-lescola-porcel-de-cervera\/","title":{"rendered":"Dia de la Pau i la no viol\u00e8ncia a l&#8217;escola Porcel de Cervera."},"content":{"rendered":"<p>Aquests darrers dies a l&#8217;escola hem dedicat diverses sessions a treballar el Dia Escolar de la No-viol\u00e8ncia i la Pau. S&#8217;han dut a terme activitats com: \u00a0visionar v\u00eddeos i curtmetratges de valors, parlar sobre el perqu\u00e8 \u00e9s el dia 30 de gener el dia de la Pau, i no un altre dia, i sobre la figura del Mahatma Gandhi, pintar mandales, explicar\u00a0 contes i finalment, per a plasmar com nosaltres podem iniciar el cam\u00ed cap a la pau, hem realitzat un mural.<\/p>\n<p>Per elaborar el mural, hem confegit una cadena en la qual cada nen i cada nena havia d&#8217;escriure, en una baula, \u00a0un favor o \u00a0una bona acci\u00f3 envers un company o companya de l&#8217;escola, des del m\u00e9s petit al m\u00e9s gran.<\/p>\n<p>Un cop pensat i escrit , hem unit totes les baules formant la cadena . Els nens i les nenes estan molt contents amb el resultat. I a vosaltres us agrada?<\/p>\n<p>Si voleu veure&#8217;n m\u00e9s fotos cliqueu damunt de la imatge.<a href=\"https:\/\/photos.app.goo.gl\/LU8ib6MokqmD2xL46\"><img loading=\"lazy\" decoding=\"async\" class=\"wp-image-5271 aligncenter\" src=\"https:\/\/agora.xtec.cat\/zer-pedrera\/wp-content\/uploads\/usu1473\/2022\/02\/20220208_132414.jpg\" alt=\"\" width=\"284\" height=\"160\" srcset=\"https:\/\/agora.xtec.cat\/zer-pedrera\/wp-content\/uploads\/usu1473\/2022\/02\/20220208_132414.jpg 750w, https:\/\/agora.xtec.cat\/zer-pedrera\/wp-content\/uploads\/usu1473\/2022\/02\/20220208_132414-300x169.jpg 300w\" sizes=\"auto, (max-width: 284px) 100vw, 284px\" \/><\/a><\/p>\n","protected":false},"excerpt":{"rendered":"<p>Aquests darrers dies a l&#8217;escola hem dedicat diverses sessions a treballar el Dia Escolar de la No-viol\u00e8ncia i la Pau. S&#8217;han dut a terme activitats com: \u00a0visionar v\u00eddeos i curtmetratges de valors, parlar sobre el perqu\u00e8 \u00e9s el dia 30 de gener el dia de&hellip;  <a href=\"https:\/\/agora.xtec.cat\/zer-pedrera\/general\/dia-de-la-pau-i-la-no-violencia-a-lescola-porcel-de-cervera\/\" title=\"Read Dia de la Pau i la no viol\u00e8ncia a l&#8217;escola Porcel de Cervera.\">Llegeix m\u00e9s\u00bb<\/a><\/p>\n","protected":false},"author":1,"featured_media":5271,"comment_status":"open","ping_status":"closed","sticky":false,"template":"","format":"standard","meta":{"_bbp_topic_count":0,"_bbp_reply_count":0,"_bbp_total_topic_count":0,"_bbp_total_reply_count":0,"_bbp_voice_count":0,"_bbp_anonymous_reply_count":0,"_bbp_topic_count_hidden":0,"_bbp_reply_count_hidden":0,"_bbp_forum_subforum_count":0,"footnotes":""},"categories":[113,145,111,1,29,89],"tags":[],"class_list":["post-5237","post","type-post","status-publish","format-standard","has-post-thumbnail","hentry","category-e-infantil","category-educacio-en-valors","category-escola-porcel-de-cervera","category-general","category-portada","category-primaria"],"post_mailing_queue_ids":[],"_links":{"self":[{"href":"https:\/\/agora.xtec.cat\/zer-pedrera\/wp-json\/wp\/v2\/posts\/5237","targetHints":{"allow":["GET"]}}],"collection":[{"href":"https:\/\/agora.xtec.cat\/zer-pedrera\/wp-json\/wp\/v2\/posts"}],"about":[{"href":"https:\/\/agora.xtec.cat\/zer-pedrera\/wp-json\/wp\/v2\/types\/post"}],"author":[{"embeddable":true,"href":"https:\/\/agora.xtec.cat\/zer-pedrera\/wp-json\/wp\/v2\/users\/1"}],"replies":[{"embeddable":true,"href":"https:\/\/agora.xtec.cat\/zer-pedrera\/wp-json\/wp\/v2\/comments?post=5237"}],"version-history":[{"count":3,"href":"https:\/\/agora.xtec.cat\/zer-pedrera\/wp-json\/wp\/v2\/posts\/5237\/revisions"}],"predecessor-version":[{"id":5273,"href":"https:\/\/agora.xtec.cat\/zer-pedrera\/wp-json\/wp\/v2\/posts\/5237\/revisions\/5273"}],"wp:featuredmedia":[{"embeddable":true,"href":"https:\/\/agora.xtec.cat\/zer-pedrera\/wp-json\/wp\/v2\/media\/5271"}],"wp:attachment":[{"href":"https:\/\/agora.xtec.cat\/zer-pedrera\/wp-json\/wp\/v2\/media?parent=5237"}],"wp:term":[{"taxonomy":"category","embeddable":true,"href":"https:\/\/agora.xtec.cat\/zer-pedrera\/wp-json\/wp\/v2\/categories?post=5237"},{"taxonomy":"post_tag","embeddable":true,"href":"https:\/\/agora.xtec.cat\/zer-pedrera\/wp-json\/wp\/v2\/tags?post=5237"}],"curies":[{"name":"wp","href":"https:\/\/api.w.org\/{rel}","templated":true}]}}