{"id":5220,"date":"2022-01-28T15:32:40","date_gmt":"2022-01-28T14:32:40","guid":{"rendered":"https:\/\/agora.xtec.cat\/zer-pedrera\/?p=5220"},"modified":"2022-01-28T15:33:55","modified_gmt":"2022-01-28T14:33:55","slug":"les-comarques-de-catalunya-cms-a-lescola-porcel-de-cervera","status":"publish","type":"post","link":"https:\/\/agora.xtec.cat\/zer-pedrera\/portada\/les-comarques-de-catalunya-cms-a-lescola-porcel-de-cervera\/","title":{"rendered":"Les Comarques de Catalunya CMS a l&#8217;escola Porcel de Cervera."},"content":{"rendered":"<p>Aquest segon trimestre a l&#8217;Escola Porcel de Cervera els alumnes de Cicle Mitj\u00e0 i Superior hem comen\u00e7at a treballar les comarques de Catalunya.<\/p>\n<p>El Projecte Comarques pret\u00e9n que els alumnes coneguin m\u00e9s profundament diferents aspectes de la seva comarca: llegendes, gastronomia, entorn social i natural, festes populars i que arribin a descobrir aquests mateixos aspectes d\u2019altres comarques de Catalunya. Busquem informaci\u00f3, la posem en com\u00fa i la compartim.<\/p>\n<p>Us deixem aqu\u00ed un enlla\u00e7 per veure si us les sabeu tan b\u00e9 com nosaltres&#8230;.<\/p>\n<p><a href=\"https:\/\/mapasinteractivos.didactalia.net\/ca\/comunitat\/mapasflashinteractivos\/recurs\/comarques-de-catalunya\/1754c6ab-f368-488b-b8ea-b71b2cda1d45\">https:\/\/mapasinteractivos.didactalia.net\/ca\/comunitat\/mapasflashinteractivos\/recurs\/comarques-de-catalunya\/1754c6ab-f368-488b-b8ea-b71b2cda1d45<\/a><\/p>\n<p><a href=\"https:\/\/agora.xtec.cat\/zer-pedrera\/wp-content\/uploads\/usu1473\/2022\/01\/b27ce789-d4d6-408d-8988-ba07640a2cd6.jpg\"><img loading=\"lazy\" decoding=\"async\" class=\"alignnone size-full wp-image-5221\" src=\"https:\/\/agora.xtec.cat\/zer-pedrera\/wp-content\/uploads\/usu1473\/2022\/01\/b27ce789-d4d6-408d-8988-ba07640a2cd6.jpg\" alt=\"\" width=\"1024\" height=\"768\" srcset=\"https:\/\/agora.xtec.cat\/zer-pedrera\/wp-content\/uploads\/usu1473\/2022\/01\/b27ce789-d4d6-408d-8988-ba07640a2cd6.jpg 1024w, https:\/\/agora.xtec.cat\/zer-pedrera\/wp-content\/uploads\/usu1473\/2022\/01\/b27ce789-d4d6-408d-8988-ba07640a2cd6-300x225.jpg 300w, https:\/\/agora.xtec.cat\/zer-pedrera\/wp-content\/uploads\/usu1473\/2022\/01\/b27ce789-d4d6-408d-8988-ba07640a2cd6-768x576.jpg 768w, https:\/\/agora.xtec.cat\/zer-pedrera\/wp-content\/uploads\/usu1473\/2022\/01\/b27ce789-d4d6-408d-8988-ba07640a2cd6-200x150.jpg 200w\" sizes=\"auto, (max-width: 1024px) 100vw, 1024px\" \/><\/a><\/p>\n","protected":false},"excerpt":{"rendered":"<p>Aquest segon trimestre a l&#8217;Escola Porcel de Cervera els alumnes de Cicle Mitj\u00e0 i Superior hem comen\u00e7at a treballar les comarques de Catalunya.<br \/>\nEl Projecte Comarques pret\u00e9n que els alumnes coneguin m\u00e9s profundament diferents aspectes de la seva comarca: llegendes, gastronomia, entorn social i natural, festes&hellip;  <a href=\"https:\/\/agora.xtec.cat\/zer-pedrera\/portada\/les-comarques-de-catalunya-cms-a-lescola-porcel-de-cervera\/\" title=\"Read Les Comarques de Catalunya CMS a l&#8217;escola Porcel de Cervera.\">Llegeix m\u00e9s\u00bb<\/a><\/p>\n","protected":false},"author":1,"featured_media":5223,"comment_status":"open","ping_status":"closed","sticky":false,"template":"","format":"standard","meta":{"_bbp_topic_count":0,"_bbp_reply_count":0,"_bbp_total_topic_count":0,"_bbp_total_reply_count":0,"_bbp_voice_count":0,"_bbp_anonymous_reply_count":0,"_bbp_topic_count_hidden":0,"_bbp_reply_count_hidden":0,"_bbp_forum_subforum_count":0,"footnotes":""},"categories":[111,116,29,89],"tags":[],"class_list":["post-5220","post","type-post","status-publish","format-standard","has-post-thumbnail","hentry","category-escola-porcel-de-cervera","category-medi","category-portada","category-primaria"],"post_mailing_queue_ids":[],"_links":{"self":[{"href":"https:\/\/agora.xtec.cat\/zer-pedrera\/wp-json\/wp\/v2\/posts\/5220","targetHints":{"allow":["GET"]}}],"collection":[{"href":"https:\/\/agora.xtec.cat\/zer-pedrera\/wp-json\/wp\/v2\/posts"}],"about":[{"href":"https:\/\/agora.xtec.cat\/zer-pedrera\/wp-json\/wp\/v2\/types\/post"}],"author":[{"embeddable":true,"href":"https:\/\/agora.xtec.cat\/zer-pedrera\/wp-json\/wp\/v2\/users\/1"}],"replies":[{"embeddable":true,"href":"https:\/\/agora.xtec.cat\/zer-pedrera\/wp-json\/wp\/v2\/comments?post=5220"}],"version-history":[{"count":2,"href":"https:\/\/agora.xtec.cat\/zer-pedrera\/wp-json\/wp\/v2\/posts\/5220\/revisions"}],"predecessor-version":[{"id":5225,"href":"https:\/\/agora.xtec.cat\/zer-pedrera\/wp-json\/wp\/v2\/posts\/5220\/revisions\/5225"}],"wp:featuredmedia":[{"embeddable":true,"href":"https:\/\/agora.xtec.cat\/zer-pedrera\/wp-json\/wp\/v2\/media\/5223"}],"wp:attachment":[{"href":"https:\/\/agora.xtec.cat\/zer-pedrera\/wp-json\/wp\/v2\/media?parent=5220"}],"wp:term":[{"taxonomy":"category","embeddable":true,"href":"https:\/\/agora.xtec.cat\/zer-pedrera\/wp-json\/wp\/v2\/categories?post=5220"},{"taxonomy":"post_tag","embeddable":true,"href":"https:\/\/agora.xtec.cat\/zer-pedrera\/wp-json\/wp\/v2\/tags?post=5220"}],"curies":[{"name":"wp","href":"https:\/\/api.w.org\/{rel}","templated":true}]}}