{"id":5214,"date":"2022-01-27T17:24:51","date_gmt":"2022-01-27T16:24:51","guid":{"rendered":"https:\/\/agora.xtec.cat\/zer-pedrera\/?p=5214"},"modified":"2022-02-02T19:36:51","modified_gmt":"2022-02-02T18:36:51","slug":"racons-dhivern-a-la-classe-dels-petits-escola-porcel-de-cervera","status":"publish","type":"post","link":"https:\/\/agora.xtec.cat\/zer-pedrera\/general\/racons-dhivern-a-la-classe-dels-petits-escola-porcel-de-cervera\/","title":{"rendered":"Racons d&#8217;hivern a la classe dels petits. Escola Porcel de Cervera."},"content":{"rendered":"<p>Aquest mat\u00ed a la classe dels petits hem obert una capsa molt bonica que hem trobat aquesta setmana al rac\u00f3 de l&#8217;hivern. En aquesta capsa hi aniran apareixent diferents propostes per treballar aquesta estaci\u00f3 i les seves caracter\u00edstiques.<\/p>\n<p>Si voleu veure quines han estat les primeres activitats que hi hem trobat cliqueu damunt de la imatge.<\/p>\n<p><a href=\"https:\/\/photos.app.goo.gl\/o7QqQ3b3NYbMdWbKA\"><img loading=\"lazy\" decoding=\"async\" class=\"wp-image-5215 aligncenter\" src=\"https:\/\/agora.xtec.cat\/zer-pedrera\/wp-content\/uploads\/usu1473\/2022\/01\/lhivern-1-728.jpg\" alt=\"\" width=\"406\" height=\"305\" srcset=\"https:\/\/agora.xtec.cat\/zer-pedrera\/wp-content\/uploads\/usu1473\/2022\/01\/lhivern-1-728.jpg 728w, https:\/\/agora.xtec.cat\/zer-pedrera\/wp-content\/uploads\/usu1473\/2022\/01\/lhivern-1-728-300x225.jpg 300w, https:\/\/agora.xtec.cat\/zer-pedrera\/wp-content\/uploads\/usu1473\/2022\/01\/lhivern-1-728-200x150.jpg 200w\" sizes=\"auto, (max-width: 406px) 100vw, 406px\" \/><\/a><\/p>\n","protected":false},"excerpt":{"rendered":"<p>Aquest mat\u00ed a la classe dels petits hem obert una capsa molt bonica que hem trobat aquesta setmana al rac\u00f3 de l&#8217;hivern. En aquesta capsa hi aniran apareixent diferents propostes per treballar aquesta estaci\u00f3 i les seves caracter\u00edstiques.<br \/>\nSi voleu veure quines han estat les primeres&hellip;  <a href=\"https:\/\/agora.xtec.cat\/zer-pedrera\/general\/racons-dhivern-a-la-classe-dels-petits-escola-porcel-de-cervera\/\" title=\"Read Racons d&#8217;hivern a la classe dels petits. Escola Porcel de Cervera.\">Llegeix m\u00e9s\u00bb<\/a><\/p>\n","protected":false},"author":1,"featured_media":5215,"comment_status":"open","ping_status":"closed","sticky":false,"template":"","format":"standard","meta":{"_bbp_topic_count":0,"_bbp_reply_count":0,"_bbp_total_topic_count":0,"_bbp_total_reply_count":0,"_bbp_voice_count":0,"_bbp_anonymous_reply_count":0,"_bbp_topic_count_hidden":0,"_bbp_reply_count_hidden":0,"_bbp_forum_subforum_count":0,"footnotes":""},"categories":[113,111,1,29],"tags":[],"class_list":["post-5214","post","type-post","status-publish","format-standard","has-post-thumbnail","hentry","category-e-infantil","category-escola-porcel-de-cervera","category-general","category-portada"],"post_mailing_queue_ids":[],"_links":{"self":[{"href":"https:\/\/agora.xtec.cat\/zer-pedrera\/wp-json\/wp\/v2\/posts\/5214","targetHints":{"allow":["GET"]}}],"collection":[{"href":"https:\/\/agora.xtec.cat\/zer-pedrera\/wp-json\/wp\/v2\/posts"}],"about":[{"href":"https:\/\/agora.xtec.cat\/zer-pedrera\/wp-json\/wp\/v2\/types\/post"}],"author":[{"embeddable":true,"href":"https:\/\/agora.xtec.cat\/zer-pedrera\/wp-json\/wp\/v2\/users\/1"}],"replies":[{"embeddable":true,"href":"https:\/\/agora.xtec.cat\/zer-pedrera\/wp-json\/wp\/v2\/comments?post=5214"}],"version-history":[{"count":3,"href":"https:\/\/agora.xtec.cat\/zer-pedrera\/wp-json\/wp\/v2\/posts\/5214\/revisions"}],"predecessor-version":[{"id":5219,"href":"https:\/\/agora.xtec.cat\/zer-pedrera\/wp-json\/wp\/v2\/posts\/5214\/revisions\/5219"}],"wp:featuredmedia":[{"embeddable":true,"href":"https:\/\/agora.xtec.cat\/zer-pedrera\/wp-json\/wp\/v2\/media\/5215"}],"wp:attachment":[{"href":"https:\/\/agora.xtec.cat\/zer-pedrera\/wp-json\/wp\/v2\/media?parent=5214"}],"wp:term":[{"taxonomy":"category","embeddable":true,"href":"https:\/\/agora.xtec.cat\/zer-pedrera\/wp-json\/wp\/v2\/categories?post=5214"},{"taxonomy":"post_tag","embeddable":true,"href":"https:\/\/agora.xtec.cat\/zer-pedrera\/wp-json\/wp\/v2\/tags?post=5214"}],"curies":[{"name":"wp","href":"https:\/\/api.w.org\/{rel}","templated":true}]}}