{"id":5197,"date":"2022-01-25T13:58:41","date_gmt":"2022-01-25T12:58:41","guid":{"rendered":"https:\/\/agora.xtec.cat\/zer-pedrera\/?p=5197"},"modified":"2022-01-25T13:58:41","modified_gmt":"2022-01-25T12:58:41","slug":"regals-de-ses-majestats-a-lescola-abat-ruera","status":"publish","type":"post","link":"https:\/\/agora.xtec.cat\/zer-pedrera\/general\/regals-de-ses-majestats-a-lescola-abat-ruera\/","title":{"rendered":"Regals de Ses Majestats a l&#8217;Escola Abat Ruera"},"content":{"rendered":"<p>El dia 10 de gener vam comen\u00e7ar les classe amb una gran sorpresa. Els alumnes van entrar a les classes i els Reis Mags de l&#8217; Orient ens havien portat presents! I \u00e9s que els nens i les nenes de l&#8217;escola Abat Ruera es porten molt b\u00e9 i aprenen molt! Per tant, ben b\u00e9 es mereixen que ses majestats els Reis Mags de l&#8217;Orient els hagin tingut en consideraci\u00f3!<\/p>\n<p><strong>SI VOLEU VEURE LES IMATGES DELS ALUMNES AMB ELS REGALS, CLIQUEU SOBRE SES MAJESTATS!<\/strong><\/p>\n<p style=\"text-align: center;\"><a href=\"https:\/\/photos.app.goo.gl\/QsQgmZ46dQrPcc1d9\" target=\"_blank\" rel=\"noopener\"><img loading=\"lazy\" decoding=\"async\" class=\"alignnone size-full wp-image-5198\" src=\"https:\/\/agora.xtec.cat\/zer-pedrera\/wp-content\/uploads\/usu1473\/2022\/01\/reis_mags.jpg\" alt=\"\" width=\"593\" height=\"442\" srcset=\"https:\/\/agora.xtec.cat\/zer-pedrera\/wp-content\/uploads\/usu1473\/2022\/01\/reis_mags.jpg 593w, https:\/\/agora.xtec.cat\/zer-pedrera\/wp-content\/uploads\/usu1473\/2022\/01\/reis_mags-300x224.jpg 300w, https:\/\/agora.xtec.cat\/zer-pedrera\/wp-content\/uploads\/usu1473\/2022\/01\/reis_mags-200x150.jpg 200w\" sizes=\"auto, (max-width: 593px) 100vw, 593px\" \/><\/a><\/p>\n","protected":false},"excerpt":{"rendered":"<p>El dia 10 de gener vam comen\u00e7ar les classe amb una gran sorpresa. Els alumnes van entrar a les classes i els Reis Mags de l&#8217; Orient ens havien portat presents! I \u00e9s que els nens i les nenes de l&#8217;escola Abat Ruera es porten&hellip;  <a href=\"https:\/\/agora.xtec.cat\/zer-pedrera\/general\/regals-de-ses-majestats-a-lescola-abat-ruera\/\" title=\"Read Regals de Ses Majestats a l&#8217;Escola Abat Ruera\">Llegeix m\u00e9s\u00bb<\/a><\/p>\n","protected":false},"author":1,"featured_media":5198,"comment_status":"open","ping_status":"closed","sticky":false,"template":"","format":"standard","meta":{"_bbp_topic_count":0,"_bbp_reply_count":0,"_bbp_total_topic_count":0,"_bbp_total_reply_count":0,"_bbp_voice_count":0,"_bbp_anonymous_reply_count":0,"_bbp_topic_count_hidden":0,"_bbp_reply_count_hidden":0,"_bbp_forum_subforum_count":0,"footnotes":""},"categories":[110,1,29,89],"tags":[],"class_list":["post-5197","post","type-post","status-publish","format-standard","has-post-thumbnail","hentry","category-escola-abat-ruera","category-general","category-portada","category-primaria"],"post_mailing_queue_ids":[],"_links":{"self":[{"href":"https:\/\/agora.xtec.cat\/zer-pedrera\/wp-json\/wp\/v2\/posts\/5197","targetHints":{"allow":["GET"]}}],"collection":[{"href":"https:\/\/agora.xtec.cat\/zer-pedrera\/wp-json\/wp\/v2\/posts"}],"about":[{"href":"https:\/\/agora.xtec.cat\/zer-pedrera\/wp-json\/wp\/v2\/types\/post"}],"author":[{"embeddable":true,"href":"https:\/\/agora.xtec.cat\/zer-pedrera\/wp-json\/wp\/v2\/users\/1"}],"replies":[{"embeddable":true,"href":"https:\/\/agora.xtec.cat\/zer-pedrera\/wp-json\/wp\/v2\/comments?post=5197"}],"version-history":[{"count":1,"href":"https:\/\/agora.xtec.cat\/zer-pedrera\/wp-json\/wp\/v2\/posts\/5197\/revisions"}],"predecessor-version":[{"id":5199,"href":"https:\/\/agora.xtec.cat\/zer-pedrera\/wp-json\/wp\/v2\/posts\/5197\/revisions\/5199"}],"wp:featuredmedia":[{"embeddable":true,"href":"https:\/\/agora.xtec.cat\/zer-pedrera\/wp-json\/wp\/v2\/media\/5198"}],"wp:attachment":[{"href":"https:\/\/agora.xtec.cat\/zer-pedrera\/wp-json\/wp\/v2\/media?parent=5197"}],"wp:term":[{"taxonomy":"category","embeddable":true,"href":"https:\/\/agora.xtec.cat\/zer-pedrera\/wp-json\/wp\/v2\/categories?post=5197"},{"taxonomy":"post_tag","embeddable":true,"href":"https:\/\/agora.xtec.cat\/zer-pedrera\/wp-json\/wp\/v2\/tags?post=5197"}],"curies":[{"name":"wp","href":"https:\/\/api.w.org\/{rel}","templated":true}]}}