{"id":5133,"date":"2022-01-14T13:49:57","date_gmt":"2022-01-14T12:49:57","guid":{"rendered":"https:\/\/agora.xtec.cat\/zer-pedrera\/?p=5133"},"modified":"2022-01-14T13:57:29","modified_gmt":"2022-01-14T12:57:29","slug":"el-pati-esta-glacat-lescola-porcel-de-cervera","status":"publish","type":"post","link":"https:\/\/agora.xtec.cat\/zer-pedrera\/portada\/el-pati-esta-glacat-lescola-porcel-de-cervera\/","title":{"rendered":"El pati est\u00e0 gla\u00e7at! L&#8217;Escola Porcel de Cervera"},"content":{"rendered":"<p>Els nens i nenes d&#8217;educaci\u00f3 infanti i de cicle inicial l&#8217;Escola Porcel de Cerverahem trobat el pati ben gla\u00e7at, i hem aprofitat per observar-lo.<br \/>\nSabeu que hem descobert?<br \/>\nSi posem el gel al sol es\u00a0<span class=\"hiddenGreenError\" style=\"padding-bottom: 2px; background-image: url('..\/..\/..\/..\/..\/images\/squiggle_green.png'); background-repeat: repeat-x; background-position: left bottom; cursor: default; color: #000000; font-family: 'Open Sans', Helvetica, Arial, sans-serif; font-size: 16px; font-style: normal; font-variant-ligatures: normal; font-variant-caps: normal; font-weight: 300; letter-spacing: normal; orphans: 2; text-align: start; text-indent: 0px; text-transform: none; white-space: normal; widows: 2; word-spacing: 0px; -webkit-text-stroke-width: 0px; text-decoration-thickness: initial; text-decoration-style: initial; text-decoration-color: initial;\">converteix<\/span>\u00a0en aigua. (Pas de s\u00f2lid a l\u00edquid) Tamb\u00e9 hem jugat amb ell i hem experimentat.<br \/>\nQue b\u00e9 ens ho hem passat!<\/p>\n<p><a href=\"https:\/\/photos.app.goo.gl\/XrUkRej38e7RQ1Zo8\"><img loading=\"lazy\" decoding=\"async\" class=\"aligncenter wp-image-5153\" src=\"https:\/\/agora.xtec.cat\/zer-pedrera\/wp-content\/uploads\/usu1473\/2022\/01\/floc-1-1024x1024.jpg\" alt=\"\" width=\"192\" height=\"192\" srcset=\"https:\/\/agora.xtec.cat\/zer-pedrera\/wp-content\/uploads\/usu1473\/2022\/01\/floc-1-1024x1024.jpg 1024w, https:\/\/agora.xtec.cat\/zer-pedrera\/wp-content\/uploads\/usu1473\/2022\/01\/floc-1-300x300.jpg 300w, https:\/\/agora.xtec.cat\/zer-pedrera\/wp-content\/uploads\/usu1473\/2022\/01\/floc-1-150x150.jpg 150w, https:\/\/agora.xtec.cat\/zer-pedrera\/wp-content\/uploads\/usu1473\/2022\/01\/floc-1-768x768.jpg 768w, https:\/\/agora.xtec.cat\/zer-pedrera\/wp-content\/uploads\/usu1473\/2022\/01\/floc-1-1536x1536.jpg 1536w, https:\/\/agora.xtec.cat\/zer-pedrera\/wp-content\/uploads\/usu1473\/2022\/01\/floc-1-2048x2048.jpg 2048w\" sizes=\"auto, (max-width: 192px) 100vw, 192px\" \/><\/a><\/p>\n","protected":false},"excerpt":{"rendered":"<p>Els nens i nenes d&#8217;educaci\u00f3 infanti i de cicle inicial l&#8217;Escola Porcel de Cerverahem trobat el pati ben gla\u00e7at, i hem aprofitat per observar-lo.<br \/>\nSabeu que hem descobert?<br \/>\nSi posem el gel al sol es\u00a0converteix\u00a0en aigua. (Pas de s\u00f2lid a l\u00edquid) Tamb\u00e9 hem jugat amb ell i&hellip;  <a href=\"https:\/\/agora.xtec.cat\/zer-pedrera\/portada\/el-pati-esta-glacat-lescola-porcel-de-cervera\/\" title=\"Read El pati est\u00e0 gla\u00e7at! L&#8217;Escola Porcel de Cervera\">Llegeix m\u00e9s\u00bb<\/a><\/p>\n","protected":false},"author":1,"featured_media":5153,"comment_status":"open","ping_status":"closed","sticky":false,"template":"","format":"standard","meta":{"_bbp_topic_count":0,"_bbp_reply_count":0,"_bbp_total_topic_count":0,"_bbp_total_reply_count":0,"_bbp_voice_count":0,"_bbp_anonymous_reply_count":0,"_bbp_topic_count_hidden":0,"_bbp_reply_count_hidden":0,"_bbp_forum_subforum_count":0,"footnotes":""},"categories":[113,111,116,29,89],"tags":[],"class_list":["post-5133","post","type-post","status-publish","format-standard","has-post-thumbnail","hentry","category-e-infantil","category-escola-porcel-de-cervera","category-medi","category-portada","category-primaria"],"post_mailing_queue_ids":[],"_links":{"self":[{"href":"https:\/\/agora.xtec.cat\/zer-pedrera\/wp-json\/wp\/v2\/posts\/5133","targetHints":{"allow":["GET"]}}],"collection":[{"href":"https:\/\/agora.xtec.cat\/zer-pedrera\/wp-json\/wp\/v2\/posts"}],"about":[{"href":"https:\/\/agora.xtec.cat\/zer-pedrera\/wp-json\/wp\/v2\/types\/post"}],"author":[{"embeddable":true,"href":"https:\/\/agora.xtec.cat\/zer-pedrera\/wp-json\/wp\/v2\/users\/1"}],"replies":[{"embeddable":true,"href":"https:\/\/agora.xtec.cat\/zer-pedrera\/wp-json\/wp\/v2\/comments?post=5133"}],"version-history":[{"count":3,"href":"https:\/\/agora.xtec.cat\/zer-pedrera\/wp-json\/wp\/v2\/posts\/5133\/revisions"}],"predecessor-version":[{"id":5176,"href":"https:\/\/agora.xtec.cat\/zer-pedrera\/wp-json\/wp\/v2\/posts\/5133\/revisions\/5176"}],"wp:featuredmedia":[{"embeddable":true,"href":"https:\/\/agora.xtec.cat\/zer-pedrera\/wp-json\/wp\/v2\/media\/5153"}],"wp:attachment":[{"href":"https:\/\/agora.xtec.cat\/zer-pedrera\/wp-json\/wp\/v2\/media?parent=5133"}],"wp:term":[{"taxonomy":"category","embeddable":true,"href":"https:\/\/agora.xtec.cat\/zer-pedrera\/wp-json\/wp\/v2\/categories?post=5133"},{"taxonomy":"post_tag","embeddable":true,"href":"https:\/\/agora.xtec.cat\/zer-pedrera\/wp-json\/wp\/v2\/tags?post=5133"}],"curies":[{"name":"wp","href":"https:\/\/api.w.org\/{rel}","templated":true}]}}