{"id":5128,"date":"2021-12-24T18:45:34","date_gmt":"2021-12-24T17:45:34","guid":{"rendered":"https:\/\/agora.xtec.cat\/zer-pedrera\/?p=5128"},"modified":"2021-12-25T08:40:50","modified_gmt":"2021-12-25T07:40:50","slug":"el-tio-a-lespluga-calba","status":"publish","type":"post","link":"https:\/\/agora.xtec.cat\/zer-pedrera\/general\/el-tio-a-lespluga-calba\/","title":{"rendered":"El Ti\u00f3 a l&#8217;Espluga Calba"},"content":{"rendered":"<p>Durant el Festival de Nadal tamb\u00e9 vam fer cagar el ti\u00f3 tota l&#8217;Escola Porcel de Cervera. Els alumnes van estar molt contents amb tots el que els va cagar.<\/p>\n<p>Per poder veure les fotografies feu clic al ti\u00f3.<\/p>\n<p><a href=\"https:\/\/photos.app.goo.gl\/c9dFMD1o3qfnC9Jn9\"><img loading=\"lazy\" decoding=\"async\" class=\"size-full wp-image-5129 aligncenter\" src=\"https:\/\/agora.xtec.cat\/zer-pedrera\/wp-content\/uploads\/usu1473\/2021\/12\/baixa.jpg\" alt=\"\" width=\"259\" height=\"195\" srcset=\"https:\/\/agora.xtec.cat\/zer-pedrera\/wp-content\/uploads\/usu1473\/2021\/12\/baixa.jpg 259w, https:\/\/agora.xtec.cat\/zer-pedrera\/wp-content\/uploads\/usu1473\/2021\/12\/baixa-200x150.jpg 200w\" sizes=\"auto, (max-width: 259px) 100vw, 259px\" \/><\/a><\/p>\n","protected":false},"excerpt":{"rendered":"<p>Durant el Festival de Nadal tamb\u00e9 vam fer cagar el ti\u00f3 tota l&#8217;Escola Porcel de Cervera. Els alumnes van estar molt contents amb tots el que els va cagar.<br \/>\nPer poder veure les fotografies feu clic al ti\u00f3.<br \/>\n<a href=\"https:\/\/photos.app.goo.gl\/c9dFMD1o3qfnC9Jn9\"><\/a><\/p>\n","protected":false},"author":1,"featured_media":5129,"comment_status":"open","ping_status":"closed","sticky":false,"template":"","format":"standard","meta":{"_bbp_topic_count":0,"_bbp_reply_count":0,"_bbp_total_topic_count":0,"_bbp_total_reply_count":0,"_bbp_voice_count":0,"_bbp_anonymous_reply_count":0,"_bbp_topic_count_hidden":0,"_bbp_reply_count_hidden":0,"_bbp_forum_subforum_count":0,"footnotes":""},"categories":[111,1,29,89],"tags":[],"class_list":["post-5128","post","type-post","status-publish","format-standard","has-post-thumbnail","hentry","category-escola-porcel-de-cervera","category-general","category-portada","category-primaria"],"post_mailing_queue_ids":[],"_links":{"self":[{"href":"https:\/\/agora.xtec.cat\/zer-pedrera\/wp-json\/wp\/v2\/posts\/5128","targetHints":{"allow":["GET"]}}],"collection":[{"href":"https:\/\/agora.xtec.cat\/zer-pedrera\/wp-json\/wp\/v2\/posts"}],"about":[{"href":"https:\/\/agora.xtec.cat\/zer-pedrera\/wp-json\/wp\/v2\/types\/post"}],"author":[{"embeddable":true,"href":"https:\/\/agora.xtec.cat\/zer-pedrera\/wp-json\/wp\/v2\/users\/1"}],"replies":[{"embeddable":true,"href":"https:\/\/agora.xtec.cat\/zer-pedrera\/wp-json\/wp\/v2\/comments?post=5128"}],"version-history":[{"count":2,"href":"https:\/\/agora.xtec.cat\/zer-pedrera\/wp-json\/wp\/v2\/posts\/5128\/revisions"}],"predecessor-version":[{"id":5131,"href":"https:\/\/agora.xtec.cat\/zer-pedrera\/wp-json\/wp\/v2\/posts\/5128\/revisions\/5131"}],"wp:featuredmedia":[{"embeddable":true,"href":"https:\/\/agora.xtec.cat\/zer-pedrera\/wp-json\/wp\/v2\/media\/5129"}],"wp:attachment":[{"href":"https:\/\/agora.xtec.cat\/zer-pedrera\/wp-json\/wp\/v2\/media?parent=5128"}],"wp:term":[{"taxonomy":"category","embeddable":true,"href":"https:\/\/agora.xtec.cat\/zer-pedrera\/wp-json\/wp\/v2\/categories?post=5128"},{"taxonomy":"post_tag","embeddable":true,"href":"https:\/\/agora.xtec.cat\/zer-pedrera\/wp-json\/wp\/v2\/tags?post=5128"}],"curies":[{"name":"wp","href":"https:\/\/api.w.org\/{rel}","templated":true}]}}