{"id":5122,"date":"2021-12-23T14:07:00","date_gmt":"2021-12-23T13:07:00","guid":{"rendered":"https:\/\/agora.xtec.cat\/zer-pedrera\/?p=5122"},"modified":"2021-12-23T14:07:00","modified_gmt":"2021-12-23T13:07:00","slug":"festival-de-nadal-2021-a-lescola-abat-ruera","status":"publish","type":"post","link":"https:\/\/agora.xtec.cat\/zer-pedrera\/general\/festival-de-nadal-2021-a-lescola-abat-ruera\/","title":{"rendered":"Festival de Nadal 2021 a l&#8217;escola Abat Ruera"},"content":{"rendered":"<p>Benvolgudes fam\u00edlies,<\/p>\n<p>heus aqu\u00ed els que ha estat el nostre festival de Nadal. Una celebraci\u00f3 ben enrarida arran del confinament de la meitat dels alumnes de l&#8217;escola. La veritat \u00e9s que us hem trobat a faltar molt!!!<\/p>\n<p>Esperem que amb les fotos i els v\u00eddeos pugueu participar en el que va ser la una festa a mitges&#8230;<\/p>\n<p>BONES FESTES!!!<\/p>\n<p><iframe loading=\"lazy\" title=\"Festival de Nadal part 1\" width=\"500\" height=\"281\" src=\"https:\/\/www.youtube.com\/embed\/IOPJJvO8avg?feature=oembed\" frameborder=\"0\" allow=\"accelerometer; autoplay; clipboard-write; encrypted-media; gyroscope; picture-in-picture; web-share\" referrerpolicy=\"strict-origin-when-cross-origin\" allowfullscreen><\/iframe><\/p>\n<p><iframe loading=\"lazy\" title=\"Festival de Nadal part 2\" width=\"500\" height=\"281\" src=\"https:\/\/www.youtube.com\/embed\/ycCEbz27s64?feature=oembed\" frameborder=\"0\" allow=\"accelerometer; autoplay; clipboard-write; encrypted-media; gyroscope; picture-in-picture; web-share\" referrerpolicy=\"strict-origin-when-cross-origin\" allowfullscreen><\/iframe><\/p>\n<p><iframe loading=\"lazy\" title=\"Festival de Nadal part 3\" width=\"500\" height=\"281\" src=\"https:\/\/www.youtube.com\/embed\/n2QxRZ-eiXY?feature=oembed\" frameborder=\"0\" allow=\"accelerometer; autoplay; clipboard-write; encrypted-media; gyroscope; picture-in-picture; web-share\" referrerpolicy=\"strict-origin-when-cross-origin\" allowfullscreen><\/iframe><\/p>\n<p><strong>La festa en imatges clicant sobre la foto:<\/strong><\/p>\n<p><a href=\"https:\/\/photos.app.goo.gl\/mNJWSXiQXzQ9kMKz8\" target=\"_blank\" rel=\"noopener\"><img loading=\"lazy\" decoding=\"async\" class=\"size-full wp-image-5123 aligncenter\" src=\"https:\/\/agora.xtec.cat\/zer-pedrera\/wp-content\/uploads\/usu1473\/2021\/12\/IMG-3637.jpg\" alt=\"\" width=\"417\" height=\"329\" srcset=\"https:\/\/agora.xtec.cat\/zer-pedrera\/wp-content\/uploads\/usu1473\/2021\/12\/IMG-3637.jpg 417w, https:\/\/agora.xtec.cat\/zer-pedrera\/wp-content\/uploads\/usu1473\/2021\/12\/IMG-3637-300x237.jpg 300w\" sizes=\"auto, (max-width: 417px) 100vw, 417px\" \/><\/a><\/p>\n<p>&nbsp;<\/p>\n","protected":false},"excerpt":{"rendered":"<p>Benvolgudes fam\u00edlies,<br \/>\nheus aqu\u00ed els que ha estat el nostre festival de Nadal. Una celebraci\u00f3 ben enrarida arran del confinament de la meitat dels alumnes de l&#8217;escola. La veritat \u00e9s que us hem trobat a faltar molt!!!<br \/>\nEsperem que amb les fotos i els v\u00eddeos pugueu participar&hellip;  <a href=\"https:\/\/agora.xtec.cat\/zer-pedrera\/general\/festival-de-nadal-2021-a-lescola-abat-ruera\/\" title=\"Read Festival de Nadal 2021 a l&#8217;escola Abat Ruera\">Llegeix m\u00e9s\u00bb<\/a><\/p>\n","protected":false},"author":1,"featured_media":5123,"comment_status":"open","ping_status":"closed","sticky":false,"template":"","format":"standard","meta":{"_bbp_topic_count":0,"_bbp_reply_count":0,"_bbp_total_topic_count":0,"_bbp_total_reply_count":0,"_bbp_voice_count":0,"_bbp_anonymous_reply_count":0,"_bbp_topic_count_hidden":0,"_bbp_reply_count_hidden":0,"_bbp_forum_subforum_count":0,"footnotes":""},"categories":[113,110,1,29,89],"tags":[],"class_list":["post-5122","post","type-post","status-publish","format-standard","has-post-thumbnail","hentry","category-e-infantil","category-escola-abat-ruera","category-general","category-portada","category-primaria"],"post_mailing_queue_ids":[],"_links":{"self":[{"href":"https:\/\/agora.xtec.cat\/zer-pedrera\/wp-json\/wp\/v2\/posts\/5122","targetHints":{"allow":["GET"]}}],"collection":[{"href":"https:\/\/agora.xtec.cat\/zer-pedrera\/wp-json\/wp\/v2\/posts"}],"about":[{"href":"https:\/\/agora.xtec.cat\/zer-pedrera\/wp-json\/wp\/v2\/types\/post"}],"author":[{"embeddable":true,"href":"https:\/\/agora.xtec.cat\/zer-pedrera\/wp-json\/wp\/v2\/users\/1"}],"replies":[{"embeddable":true,"href":"https:\/\/agora.xtec.cat\/zer-pedrera\/wp-json\/wp\/v2\/comments?post=5122"}],"version-history":[{"count":1,"href":"https:\/\/agora.xtec.cat\/zer-pedrera\/wp-json\/wp\/v2\/posts\/5122\/revisions"}],"predecessor-version":[{"id":5124,"href":"https:\/\/agora.xtec.cat\/zer-pedrera\/wp-json\/wp\/v2\/posts\/5122\/revisions\/5124"}],"wp:featuredmedia":[{"embeddable":true,"href":"https:\/\/agora.xtec.cat\/zer-pedrera\/wp-json\/wp\/v2\/media\/5123"}],"wp:attachment":[{"href":"https:\/\/agora.xtec.cat\/zer-pedrera\/wp-json\/wp\/v2\/media?parent=5122"}],"wp:term":[{"taxonomy":"category","embeddable":true,"href":"https:\/\/agora.xtec.cat\/zer-pedrera\/wp-json\/wp\/v2\/categories?post=5122"},{"taxonomy":"post_tag","embeddable":true,"href":"https:\/\/agora.xtec.cat\/zer-pedrera\/wp-json\/wp\/v2\/tags?post=5122"}],"curies":[{"name":"wp","href":"https:\/\/api.w.org\/{rel}","templated":true}]}}