{"id":5064,"date":"2021-12-16T18:24:50","date_gmt":"2021-12-16T17:24:50","guid":{"rendered":"https:\/\/agora.xtec.cat\/zer-pedrera\/?p=5064"},"modified":"2021-12-16T18:26:53","modified_gmt":"2021-12-16T17:26:53","slug":"arriba-el-tio","status":"publish","type":"post","link":"https:\/\/agora.xtec.cat\/zer-pedrera\/general\/arriba-el-tio\/","title":{"rendered":"Arriba el Ti\u00f3 a l&#8217;escola Abat Ruera!"},"content":{"rendered":"<p>Caram! Arriba el Ti\u00f3 i amb ell, la il\u00b7lusi\u00f3 del Nadal! Mandarines, pomes, galetes i xocolata&#8230;<\/p>\n<p>Aix\u00f2 s\u00ed, dependr\u00e0 dels nens i nenes d&#8217;Educaci\u00f3 Infantil i de Cicle Inicial (i tan sols un representant de Cicle Mitj\u00e0) alimentar el ti\u00f3 degudament per tal que ens cagui d&#8217;all\u00f2 m\u00e9s!<\/p>\n<p>Els altres nens i nenes (i algun mestre) estem a casa confinats, fent quarantena! Tornarem a l&#8217;escola per celebrar el Nadal, per donar la carta al patge i per fer cagar el Ti\u00f3!!!<\/p>\n<p><strong>Cliqueu sobre la imatge per accedir a les fotos!!!<\/strong><\/p>\n<p><a href=\"https:\/\/photos.app.goo.gl\/vMFRCX6Rcz7jURrD8\" target=\"_blank\" rel=\"noopener\"><img loading=\"lazy\" decoding=\"async\" class=\"alignnone size-full wp-image-5065\" src=\"https:\/\/agora.xtec.cat\/zer-pedrera\/wp-content\/uploads\/usu1473\/2021\/12\/WhatsApp-Image-2021-12-16-at-18.03.24-1.jpeg\" alt=\"\" width=\"630\" height=\"415\" srcset=\"https:\/\/agora.xtec.cat\/zer-pedrera\/wp-content\/uploads\/usu1473\/2021\/12\/WhatsApp-Image-2021-12-16-at-18.03.24-1.jpeg 630w, https:\/\/agora.xtec.cat\/zer-pedrera\/wp-content\/uploads\/usu1473\/2021\/12\/WhatsApp-Image-2021-12-16-at-18.03.24-1-300x198.jpeg 300w\" sizes=\"auto, (max-width: 630px) 100vw, 630px\" \/><\/a><\/p>\n","protected":false},"excerpt":{"rendered":"<p>Caram! Arriba el Ti\u00f3 i amb ell, la il\u00b7lusi\u00f3 del Nadal! Mandarines, pomes, galetes i xocolata&#8230;<br \/>\nAix\u00f2 s\u00ed, dependr\u00e0 dels nens i nenes d&#8217;Educaci\u00f3 Infantil i de Cicle Inicial (i tan sols un representant de Cicle Mitj\u00e0) alimentar el ti\u00f3 degudament per tal que ens cagui&hellip;  <a href=\"https:\/\/agora.xtec.cat\/zer-pedrera\/general\/arriba-el-tio\/\" title=\"Read Arriba el Ti\u00f3 a l&#8217;escola Abat Ruera!\">Llegeix m\u00e9s\u00bb<\/a><\/p>\n","protected":false},"author":1,"featured_media":5065,"comment_status":"open","ping_status":"closed","sticky":false,"template":"","format":"standard","meta":{"_bbp_topic_count":0,"_bbp_reply_count":0,"_bbp_total_topic_count":0,"_bbp_total_reply_count":0,"_bbp_voice_count":0,"_bbp_anonymous_reply_count":0,"_bbp_topic_count_hidden":0,"_bbp_reply_count_hidden":0,"_bbp_forum_subforum_count":0,"footnotes":""},"categories":[113,110,1,29,89],"tags":[],"class_list":["post-5064","post","type-post","status-publish","format-standard","has-post-thumbnail","hentry","category-e-infantil","category-escola-abat-ruera","category-general","category-portada","category-primaria"],"post_mailing_queue_ids":[],"_links":{"self":[{"href":"https:\/\/agora.xtec.cat\/zer-pedrera\/wp-json\/wp\/v2\/posts\/5064","targetHints":{"allow":["GET"]}}],"collection":[{"href":"https:\/\/agora.xtec.cat\/zer-pedrera\/wp-json\/wp\/v2\/posts"}],"about":[{"href":"https:\/\/agora.xtec.cat\/zer-pedrera\/wp-json\/wp\/v2\/types\/post"}],"author":[{"embeddable":true,"href":"https:\/\/agora.xtec.cat\/zer-pedrera\/wp-json\/wp\/v2\/users\/1"}],"replies":[{"embeddable":true,"href":"https:\/\/agora.xtec.cat\/zer-pedrera\/wp-json\/wp\/v2\/comments?post=5064"}],"version-history":[{"count":3,"href":"https:\/\/agora.xtec.cat\/zer-pedrera\/wp-json\/wp\/v2\/posts\/5064\/revisions"}],"predecessor-version":[{"id":5070,"href":"https:\/\/agora.xtec.cat\/zer-pedrera\/wp-json\/wp\/v2\/posts\/5064\/revisions\/5070"}],"wp:featuredmedia":[{"embeddable":true,"href":"https:\/\/agora.xtec.cat\/zer-pedrera\/wp-json\/wp\/v2\/media\/5065"}],"wp:attachment":[{"href":"https:\/\/agora.xtec.cat\/zer-pedrera\/wp-json\/wp\/v2\/media?parent=5064"}],"wp:term":[{"taxonomy":"category","embeddable":true,"href":"https:\/\/agora.xtec.cat\/zer-pedrera\/wp-json\/wp\/v2\/categories?post=5064"},{"taxonomy":"post_tag","embeddable":true,"href":"https:\/\/agora.xtec.cat\/zer-pedrera\/wp-json\/wp\/v2\/tags?post=5064"}],"curies":[{"name":"wp","href":"https:\/\/api.w.org\/{rel}","templated":true}]}}