{"id":5046,"date":"2021-12-15T15:07:28","date_gmt":"2021-12-15T14:07:28","guid":{"rendered":"https:\/\/agora.xtec.cat\/zer-pedrera\/?p=5046"},"modified":"2021-12-16T09:31:54","modified_gmt":"2021-12-16T08:31:54","slug":"ja-ha-arribat-el-tio-escola-porcel-de-cervera","status":"publish","type":"post","link":"https:\/\/agora.xtec.cat\/zer-pedrera\/general\/ja-ha-arribat-el-tio-escola-porcel-de-cervera\/","title":{"rendered":"Ja ha arribat el Ti\u00f3!!!! Escola Porcel de Cervera."},"content":{"rendered":"<p>Altre cop tenim el Ti\u00f3 a l&#8217;escola. Ahir al mat\u00ed, la teacher va trobar una carta del Ti\u00f3, on explicava que ja feia uns dies que havia arribat a L&#8217;Espluga Calba, per\u00f2 que estava molt cansat i va decidir amagar-se per descansar i recuperar forces. Ens deia que estigu\u00e9ssim molt atents, que ja era a prop, que mir\u00e9ssim per l&#8217;escola, pels patis i pels voltants, que de ben segur el trobar\u00edem.<\/p>\n<p>A l&#8217;hora del pati, els grans, des del pati del darrera, el van veure a l&#8217;aparcament de la cooperativa i van sortir a buscar-lo.<\/p>\n<p>Els petits van estar molt contents quan el van veure!!!!<\/p>\n<p>Un cop dins l&#8217;escola, els grans van voler tenir el Ti\u00f3 a la classe durant el mat\u00ed, i a la tarda ens el van portar a la classe dels petits. Ara ja li hem trobat un bon lloc al passad\u00eds, resguardat del fred, on tots els nens i les nenes el poden veure i portar-li menjar.<\/p>\n<p>Esperem que s&#8217;hi trobi a gust i ens cagui moltes coses!!!!<\/p>\n<p>Cliqueu damunt de la imatge per veure les fotos.<\/p>\n<p><a href=\"https:\/\/photos.app.goo.gl\/NBBB3aFs8pDDn1eK9\"><img loading=\"lazy\" decoding=\"async\" class=\"size-full wp-image-5047 aligncenter\" src=\"https:\/\/agora.xtec.cat\/zer-pedrera\/wp-content\/uploads\/usu1473\/2021\/12\/1.jpg\" alt=\"\" width=\"500\" height=\"282\" srcset=\"https:\/\/agora.xtec.cat\/zer-pedrera\/wp-content\/uploads\/usu1473\/2021\/12\/1.jpg 500w, https:\/\/agora.xtec.cat\/zer-pedrera\/wp-content\/uploads\/usu1473\/2021\/12\/1-300x169.jpg 300w\" sizes=\"auto, (max-width: 500px) 100vw, 500px\" \/><\/a><\/p>\n","protected":false},"excerpt":{"rendered":"<p>Altre cop tenim el Ti\u00f3 a l&#8217;escola. Ahir al mat\u00ed, la teacher va trobar una carta del Ti\u00f3, on explicava que ja feia uns dies que havia arribat a L&#8217;Espluga Calba, per\u00f2 que estava molt cansat i va decidir amagar-se per descansar i recuperar forces.&hellip;  <a href=\"https:\/\/agora.xtec.cat\/zer-pedrera\/general\/ja-ha-arribat-el-tio-escola-porcel-de-cervera\/\" title=\"Read Ja ha arribat el Ti\u00f3!!!! Escola Porcel de Cervera.\">Llegeix m\u00e9s\u00bb<\/a><\/p>\n","protected":false},"author":1,"featured_media":5047,"comment_status":"open","ping_status":"closed","sticky":false,"template":"","format":"standard","meta":{"_bbp_topic_count":0,"_bbp_reply_count":0,"_bbp_total_topic_count":0,"_bbp_total_reply_count":0,"_bbp_voice_count":0,"_bbp_anonymous_reply_count":0,"_bbp_topic_count_hidden":0,"_bbp_reply_count_hidden":0,"_bbp_forum_subforum_count":0,"footnotes":""},"categories":[111,1,29],"tags":[],"class_list":["post-5046","post","type-post","status-publish","format-standard","has-post-thumbnail","hentry","category-escola-porcel-de-cervera","category-general","category-portada"],"post_mailing_queue_ids":[],"_links":{"self":[{"href":"https:\/\/agora.xtec.cat\/zer-pedrera\/wp-json\/wp\/v2\/posts\/5046","targetHints":{"allow":["GET"]}}],"collection":[{"href":"https:\/\/agora.xtec.cat\/zer-pedrera\/wp-json\/wp\/v2\/posts"}],"about":[{"href":"https:\/\/agora.xtec.cat\/zer-pedrera\/wp-json\/wp\/v2\/types\/post"}],"author":[{"embeddable":true,"href":"https:\/\/agora.xtec.cat\/zer-pedrera\/wp-json\/wp\/v2\/users\/1"}],"replies":[{"embeddable":true,"href":"https:\/\/agora.xtec.cat\/zer-pedrera\/wp-json\/wp\/v2\/comments?post=5046"}],"version-history":[{"count":3,"href":"https:\/\/agora.xtec.cat\/zer-pedrera\/wp-json\/wp\/v2\/posts\/5046\/revisions"}],"predecessor-version":[{"id":5061,"href":"https:\/\/agora.xtec.cat\/zer-pedrera\/wp-json\/wp\/v2\/posts\/5046\/revisions\/5061"}],"wp:featuredmedia":[{"embeddable":true,"href":"https:\/\/agora.xtec.cat\/zer-pedrera\/wp-json\/wp\/v2\/media\/5047"}],"wp:attachment":[{"href":"https:\/\/agora.xtec.cat\/zer-pedrera\/wp-json\/wp\/v2\/media?parent=5046"}],"wp:term":[{"taxonomy":"category","embeddable":true,"href":"https:\/\/agora.xtec.cat\/zer-pedrera\/wp-json\/wp\/v2\/categories?post=5046"},{"taxonomy":"post_tag","embeddable":true,"href":"https:\/\/agora.xtec.cat\/zer-pedrera\/wp-json\/wp\/v2\/tags?post=5046"}],"curies":[{"name":"wp","href":"https:\/\/api.w.org\/{rel}","templated":true}]}}